{"id":65802,"date":"2012-04-28T20:52:02","date_gmt":"2012-04-28T20:52:02","guid":{"rendered":"http:\/\/diariodominicano.ddns.net\/?p=65802"},"modified":"2012-04-28T20:52:02","modified_gmt":"2012-04-28T20:52:02","slug":"concluyen-actividades-conmemorativas-del-dia-nacional-de-la-etica-ciudadana","status":"publish","type":"post","link":"https:\/\/diariodominicano.com\/?p=65802","title":{"rendered":"Concluyen actividades conmemorativas del D\u00eda Nacional de la \u00c9tica Ciudadana"},"content":{"rendered":"<p><body><\/p>\n<p><img decoding=\"async\" src=\"img3\/etica.JPG\" \/>  <\/p>\n<p><span class=\"text1noticias\">Rep.Dom. 28 de Abril 04:55 P.M.-Las actividades conmemorativas al D\u00eda Nacional de la \u00c9tica Ciudadana, dedicado al presidente Ulises Francisco Espaillat, concluyeron este viernes con diversas actividades, que fueron realizadas con el prop\u00f3sito de invitar a los dominicanos a reflexionar sobre los valores \u00e9ticos y morales que rigen la sociedad.<\/span><\/p>\n<\/p>\n<p><span class=\"text1noticias\">Durante los d\u00edas del  23 al 27 de abril la Comisi\u00f3n Permanente para la celebraci\u00f3n del D\u00eda Nacional de la \u00c9tica Ciudadana agot\u00f3 una jornada que incluy\u00f3 conferencias en la Feria Internacional del Libro, un taller en el Instituto de Formaci\u00f3n Docente Salom\u00e9 Ure\u00f1a (ISFODOSU), una misa y ofrendas florales, para rendir honor a quien asumi\u00f3 la Presidencia de la Rep\u00fablica el 29 de abril de 1876 ejerciendo un gobierno patri\u00f3tico, honesto, progresista y democr\u00e1tico.<\/span><\/p>\n<\/p>\n<p><span class=\"text1noticias\">El mi\u00e9rcoles 25 fue oficiada una eucarist\u00eda por monse\u00f1or Amancio Escapa, obispo auxiliar de la Di\u00f3cesis de Santo Domingo, en la Catedral Primada de Am\u00e9rica, con la asistencia de la ministra de Educaci\u00f3n, licenciada Josefina Pimentel; el doctor Marino Vinicio Castillo, secretario de Estado y presidente de la Comisi\u00f3n Nacional de \u00c9tica y Combate a la Corrupci\u00f3n (CNECC); el presidente de la Direcci\u00f3n Nacional de Control de Drogas (DNCD), Rolando Rosado Mateo, y Mu Kien San Beng, secretaria del Consejo Consultivo del Consorcio de Educaci\u00f3n C\u00edvica.<\/span><\/p>\n<\/p>\n<p><span class=\"text1noticias\">Dos ofrendas florales fueron depositadas simult\u00e1neamente en horas de la ma\u00f1ana del jueves 26, una en el Pante\u00f3n Nacional, de la Zona Colonial, donde descansan los restos del presidente Ulises Francisco Espaillat, y otra en la ciudad de Santiago, frente a su busto.<\/span><\/p>\n<\/p>\n<p><span class=\"text1noticias\">La ministra de Educaci\u00f3n, licenciada Josefina Pimentel, encabez\u00f3 la ofrenda floral del Pante\u00f3n Nacional, con la asistencia del doctor Marino Vinicio Castillo; el director de la Comisi\u00f3n Nacional de Reforma del Estado (CONARE), doctor Marcos Villam\u00e1n; Mu Kien San Beng, y el presidente de la Comisi\u00f3n Permanente de Efem\u00e9rides Patrias (CPEP), licenciado Juan Daniel Balc\u00e1cer, quien resalt\u00f3 las cualidades y dimensi\u00f3n hist\u00f3rica de Espaillat.<\/span><\/p>\n<\/p>\n<p><span class=\"text1noticias\">Estuvieron presentes, adem\u00e1s, el subdirector del Pante\u00f3n Nacional, Jacinto Ma\u00f1\u00f3n; el director de Persecuci\u00f3n de la Corrupci\u00f3n Administrativa (DPCA), Hotoniel Bonilla; Henry N\u00fa\u00f1ez, director de la Oficina de Acceso a la Informaci\u00f3n P\u00fablica; la doctora Carmen Reyes, consultora jur\u00eddica del MINERD, y Carolyn Guzm\u00e1n, directora de Compras y Contrataciones de dicha instituci\u00f3n.<\/span><\/p>\n<\/p>\n<p><span class=\"text1noticias\">Otras actividades que fueron realizadas en el cierre de la conmemoraci\u00f3n fueron la inauguraci\u00f3n del Encuentro Nacional de Educadores C\u00edvicos, en el auditorio I de la Pontificia Universidad Cat\u00f3lica Madre y Maestra (PUCMM), una conferencia sobre los derechos humanos y la justicia global, y la presentaci\u00f3n art\u00edstica de la Compa\u00f1\u00eda L\u00edrica Nacional, dirigida por la profesora Ondina Matos. (HG)<\/span>.<\/p>\n<h6> 2012-04-28 20:52:02 <\/h6>\n<p><!--\n<link rel=\"stylesheet\" href=\"css\/bootstrap.min.css\">\n\n\n<ul class=\"pagination\">\n\t    \n\t\n\n<li >\n\t<a href='?page_no=17479'>Previous<\/a>\n\t<\/li>\n\n\n       \n    \n\n<li><a href='?page_no=1'>1<\/a><\/li>\n\n\n\n<li><a href='?page_no=2'>2<\/a><\/li>\n\n\n\n<li><a>...<\/a><\/li>\n\n\n\n<li><a href='?page_no=17478'>17478<\/a><\/li>\n\n\n\n<li><a href='?page_no=17479'>17479<\/a><\/li>\n\n\n\n<li class='active'><a>17480<\/a><\/li>\n\n\n\n<li><a href='?page_no=17481'>17481<\/a><\/li>\n\n\n\n<li><a href='?page_no=17482'>17482<\/a><\/li>\n\n\n\n<li><a>...<\/a><\/li>\n\n\n\n<li><a href='?page_no=22911'>22911<\/a><\/li>\n\n\n\n<li><a href='?page_no=22912'>22912<\/a><\/li>\n\n    \n\t\n\n<li >\n\t<a href='?page_no=17481'>Next<\/a>\n\t<\/li>\n\n\n    \n\n<li><a href='?page_no=22912'>Last &rsaquo;&rsaquo;<\/a><\/li>\n\n<\/ul>\n\n\n--><br \/>\n<\/body><\/p>\n","protected":false},"excerpt":{"rendered":"<p>Rep.Dom. 28 de Abril 04:55 P.M.-Las actividades conmemorativas al D\u00eda Nacional de la \u00c9tica Ciudadana, dedicado al presidente Ulises Francisco Espaillat, concluyeron este viernes con diversas actividades, que fueron realizadas con el prop\u00f3sito de invitar a los dominicanos a reflexionar sobre los valores \u00e9ticos y morales que rigen la sociedad. Durante los d\u00edas del 23 [&hellip;]<\/p>\n","protected":false},"author":3,"featured_media":0,"comment_status":"open","ping_status":"open","sticky":false,"template":"","format":"standard","meta":{"footnotes":""},"categories":[21],"tags":[],"class_list":["post-65802","post","type-post","status-publish","format-standard","hentry","category-cultura"],"_links":{"self":[{"href":"https:\/\/diariodominicano.com\/index.php?rest_route=\/wp\/v2\/posts\/65802","targetHints":{"allow":["GET"]}}],"collection":[{"href":"https:\/\/diariodominicano.com\/index.php?rest_route=\/wp\/v2\/posts"}],"about":[{"href":"https:\/\/diariodominicano.com\/index.php?rest_route=\/wp\/v2\/types\/post"}],"author":[{"embeddable":true,"href":"https:\/\/diariodominicano.com\/index.php?rest_route=\/wp\/v2\/users\/3"}],"replies":[{"embeddable":true,"href":"https:\/\/diariodominicano.com\/index.php?rest_route=%2Fwp%2Fv2%2Fcomments&post=65802"}],"version-history":[{"count":0,"href":"https:\/\/diariodominicano.com\/index.php?rest_route=\/wp\/v2\/posts\/65802\/revisions"}],"wp:attachment":[{"href":"https:\/\/diariodominicano.com\/index.php?rest_route=%2Fwp%2Fv2%2Fmedia&parent=65802"}],"wp:term":[{"taxonomy":"category","embeddable":true,"href":"https:\/\/diariodominicano.com\/index.php?rest_route=%2Fwp%2Fv2%2Fcategories&post=65802"},{"taxonomy":"post_tag","embeddable":true,"href":"https:\/\/diariodominicano.com\/index.php?rest_route=%2Fwp%2Fv2%2Ftags&post=65802"}],"curies":[{"name":"wp","href":"https:\/\/api.w.org\/{rel}","templated":true}]}}