{"id":65801,"date":"2012-04-29T14:02:08","date_gmt":"2012-04-29T14:02:08","guid":{"rendered":"http:\/\/diariodominicano.ddns.net\/?p=65801"},"modified":"2012-04-29T14:02:08","modified_gmt":"2012-04-29T14:02:08","slug":"narrativa-centroamericana-es-punto-de-interes-en-la-fil-2012","status":"publish","type":"post","link":"https:\/\/diariodominicano.com\/?p=65801","title":{"rendered":"Narrativa Centroamericana es punto de inter\u00e9s en la FIL 2012"},"content":{"rendered":"<p><body><\/p>\n<p><img decoding=\"async\" src=\"img3\/narrativa.JPG\" \/>  <\/p>\n<p><span class=\"text1noticias\">Rep.Dom. 29 de Abril 10:05 A.M.-Uno de los ejes centrales de la XV Feria Internacional del Libro, Santo Domingo 2012,  es el estudio de la cultura de su invitada de honor: Centroam\u00e9rica. Por esto, el Ciclo de Coloquios de la FIL present\u00f3 el coloquio \u00abMiguel \u00c1ngel Asturias, Ernesto Cardenal y Roque Dalton: Tres s\u00edmbolos de la literatura centroamericana\u00bb, en el Bar Juan Lockward del Teatro Nacional Eduardo Brito. <\/span><\/p>\n<\/p>\n<p><span class=\"text1noticias\">El panel, estuvo a cargo de los escritores Di\u00f3genes Valdez, Tom\u00e1s Castro Burdiez y el periodista Juan Jos\u00e9 Dalton, hijo del reconocido poeta salvadore\u00f1o Roque Dalton, bajo la moderaci\u00f3n de Carmen P\u00e9rez Valerio.<\/span><\/p>\n<\/p>\n<p><span class=\"text1noticias\">El encuentro inici\u00f3 con la participaci\u00f3n del laureado cuentista y ensayista Di\u00f3genes Valdez, quien hizo una reflexi\u00f3n cr\u00edtica sobre la narrativa de  Miguel \u00c1ngel Asturias, haciendo especial \u00e9nfasis en la obra del escritor guatemalteco \u00abSe\u00f1or presidente\u00bb, expresando que en cada cap\u00edtulo de esta hay una cr\u00edtica social; \u00abAsturias demuestra una destreza inusual en el manejo de los personajes\u00bb, enfatiz\u00f3.<\/span><\/p>\n<\/p>\n<p><span class=\"text1noticias\">En su presentaci\u00f3n, titulada \u00abMiguel \u00c1ngel Asturias y la Generaci\u00f3n de 1965\u00bb, Valdez record\u00f3 que m\u00e1s del 90 por ciento de los escritores surgidos en la \u00e9poca de postguerra estuvieron marcados por el antinorteamericanismo, afirmando que \u00abAsturias no fue una feliz revelaci\u00f3n para la reciente camada de intelectuales que hab\u00eda surgido, sino que tambi\u00e9n, lo fue para muchos de los llamados escritores mayores\u00bb, recordando que \u00abmuchos nos acercamos a la literatura de Asturias por una especie de afinidad ideol\u00f3gica, pero m\u00e1s tarde comprendimos que su grandeza no estaba en sus ideales pol\u00edticos, sino en lo que escrib\u00eda\u00bb. <\/span><\/p>\n<\/p>\n<p><span class=\"text1noticias\">A continuaci\u00f3n el invitado internacional, Juan Jos\u00e9 Dalton, dict\u00f3 su exposici\u00f3n \u00abRoque Dalton en la memoria\u00bb, en la que comparti\u00f3 algunas an\u00e9cdotas vividas mientras su padre constru\u00eda sus obras y  recuerdos de momentos importantes en la vida de ambos en El Salvador, Cuba y otros pa\u00edses donde vivieron en exilio por la ideolog\u00eda que, \u00ablo llevo a vivir una vida clandestina y de exilio\u00bb. Asimismo precis\u00f3 que \u00abmi padre refleja su vida en sus poemas, y en casi todo lo que escribe\u00bb.<\/span><\/p>\n<\/p>\n<p><span class=\"text1noticias\">El tercer expositor fue el periodista Tomas Castro Burdiez, quien hizo un recorrido por la obra y aportes del poeta nicarag\u00fcense Ernesto Cardenal, a quien considera \u00abun poeta muy aut\u00e9ntico, es un poeta que ha hecho una poes\u00eda social, de una manera tan distinta, tan aut\u00e9ntica, tan de nuestra ra\u00edces latinoamericana\u00bb; tambi\u00e9n, le describi\u00f3 como una de las figuras cumbres de la literatura latinoamericana contempor\u00e1nea.<\/span><\/p>\n<\/p>\n<p><span class=\"text1noticias\">Todos lo disertantes destacaron la influencia del contexto social y pol\u00edtico en que tuvo lugar la obra literaria de estos tres grandes s\u00edmbolos de  la literatura centroamericana.(HG)<\/span>.<\/p>\n<h6> 2012-04-29 14:02:08 <\/h6>\n<p><!--\n<link rel=\"stylesheet\" href=\"css\/bootstrap.min.css\">\n\n\n<ul class=\"pagination\">\n\t    \n\t\n\n<li >\n\t<a href='?page_no=17478'>Previous<\/a>\n\t<\/li>\n\n\n       \n    \n\n<li><a href='?page_no=1'>1<\/a><\/li>\n\n\n\n<li><a href='?page_no=2'>2<\/a><\/li>\n\n\n\n<li><a>...<\/a><\/li>\n\n\n\n<li><a href='?page_no=17477'>17477<\/a><\/li>\n\n\n\n<li><a href='?page_no=17478'>17478<\/a><\/li>\n\n\n\n<li class='active'><a>17479<\/a><\/li>\n\n\n\n<li><a href='?page_no=17480'>17480<\/a><\/li>\n\n\n\n<li><a href='?page_no=17481'>17481<\/a><\/li>\n\n\n\n<li><a>...<\/a><\/li>\n\n\n\n<li><a href='?page_no=22911'>22911<\/a><\/li>\n\n\n\n<li><a href='?page_no=22912'>22912<\/a><\/li>\n\n    \n\t\n\n<li >\n\t<a href='?page_no=17480'>Next<\/a>\n\t<\/li>\n\n\n    \n\n<li><a href='?page_no=22912'>Last &rsaquo;&rsaquo;<\/a><\/li>\n\n<\/ul>\n\n\n--><br \/>\n<\/body><\/p>\n","protected":false},"excerpt":{"rendered":"<p>Rep.Dom. 29 de Abril 10:05 A.M.-Uno de los ejes centrales de la XV Feria Internacional del Libro, Santo Domingo 2012, es el estudio de la cultura de su invitada de honor: Centroam\u00e9rica. Por esto, el Ciclo de Coloquios de la FIL present\u00f3 el coloquio \u00abMiguel \u00c1ngel Asturias, Ernesto Cardenal y Roque Dalton: Tres s\u00edmbolos de [&hellip;]<\/p>\n","protected":false},"author":3,"featured_media":0,"comment_status":"open","ping_status":"open","sticky":false,"template":"","format":"standard","meta":{"footnotes":""},"categories":[21],"tags":[],"class_list":["post-65801","post","type-post","status-publish","format-standard","hentry","category-cultura"],"_links":{"self":[{"href":"https:\/\/diariodominicano.com\/index.php?rest_route=\/wp\/v2\/posts\/65801","targetHints":{"allow":["GET"]}}],"collection":[{"href":"https:\/\/diariodominicano.com\/index.php?rest_route=\/wp\/v2\/posts"}],"about":[{"href":"https:\/\/diariodominicano.com\/index.php?rest_route=\/wp\/v2\/types\/post"}],"author":[{"embeddable":true,"href":"https:\/\/diariodominicano.com\/index.php?rest_route=\/wp\/v2\/users\/3"}],"replies":[{"embeddable":true,"href":"https:\/\/diariodominicano.com\/index.php?rest_route=%2Fwp%2Fv2%2Fcomments&post=65801"}],"version-history":[{"count":0,"href":"https:\/\/diariodominicano.com\/index.php?rest_route=\/wp\/v2\/posts\/65801\/revisions"}],"wp:attachment":[{"href":"https:\/\/diariodominicano.com\/index.php?rest_route=%2Fwp%2Fv2%2Fmedia&parent=65801"}],"wp:term":[{"taxonomy":"category","embeddable":true,"href":"https:\/\/diariodominicano.com\/index.php?rest_route=%2Fwp%2Fv2%2Fcategories&post=65801"},{"taxonomy":"post_tag","embeddable":true,"href":"https:\/\/diariodominicano.com\/index.php?rest_route=%2Fwp%2Fv2%2Ftags&post=65801"}],"curies":[{"name":"wp","href":"https:\/\/api.w.org\/{rel}","templated":true}]}}