{"id":65800,"date":"2012-04-29T15:51:13","date_gmt":"2012-04-29T15:51:13","guid":{"rendered":"http:\/\/diariodominicano.ddns.net\/?p=65800"},"modified":"2012-04-29T15:51:13","modified_gmt":"2012-04-29T15:51:13","slug":"guia-para-entender-la-constitucion-dominicana","status":"publish","type":"post","link":"https:\/\/diariodominicano.com\/?p=65800","title":{"rendered":"Gu\u00eda para entender la Constituci\u00f3n Dominicana"},"content":{"rendered":"<p><body><\/p>\n<p><img decoding=\"async\" src=\"img3\/ayuso.JPG\" \/>  <\/p>\n<p><span class=\"text1noticias\">Rep.Dom. 29 de Abril 11:53 P.M.- Con la presencia del doctor Jos\u00e9 Alejandro Ayuso, experto constitucionalista y miembro de la Fundaci\u00f3n Equidad, se puso en circulaci\u00f3n la \u00abGu\u00eda para entender la Constituci\u00f3n Dominicana de 2010\u00bb.<\/span><\/p>\n<\/p>\n<p><span class=\"text1noticias\">El experto resalt\u00f3 el Art\u00edculo 63-13 de la Constituci\u00f3n  el cual  estipula  que, \u00abcon la finalidad de formar ciudadanas y ciudadanos consientes de sus derechos y deberes, en todas las instituciones de educaci\u00f3n p\u00fablica y privada, ser\u00e1n obligatorias la instrucci\u00f3n en la formaci\u00f3n social y c\u00edvica, la ense\u00f1anza de la Constituci\u00f3n, de los derechos y garant\u00edas fundamentales, de los  valores patrios y de los principios de convivencia pac\u00edfica\u00bb.<\/span><\/p>\n<\/p>\n<p><span class=\"text1noticias\"> En la actividad estuvo presente la directora ejecutiva del Comisionado de Apoyo  a la Reforma y Modernizaci\u00f3n de la Justicia (CARMJ), licenciada Marien Montero Beard, quien resalt\u00f3 que \u00abel esfuerzo de poner a circular la Gu\u00eda para entender la Constituci\u00f3n Dominicana de 2010, se realiz\u00f3 con la colaboraci\u00f3n de la Procuradur\u00eda General de la Rep\u00fablica (PGR)\u00bb.<\/span><\/p>\n<\/p>\n<p><span class=\"text1noticias\">La gu\u00eda es el resultado del aporte de un equipo multidisciplinario de profesionales que da una nueva lectura de la Constituci\u00f3n de 2010 partiendo de un vocabulario adaptado al m\u00e1s utilizado por la gente, con ejemplos de situaciones cotidianas, cuadros e ilustraciones que ayudan al lector y lectora a comprender los conceptos, normas y disposiciones de la misma.<\/span><\/p>\n<\/p>\n<p><span class=\"text1noticias\">Al concluir la actividad el doctor  Ayuso don\u00f3 a los asistentes  el libro de su autor\u00eda titulado: \u00abLa Constituci\u00f3n Derecho Internacional e Integraci\u00f3n Supranacional\u00bb adicional de un ejemplar de la Gu\u00eda para entender la Constituci\u00f3n Dominicana de 2010.<\/span><\/p>\n<\/p>\n<p><span class=\"text1noticias\">El evento fue  llevado a cabo en el  stand  del  Comisionado de Justicia, en el marco de la XV  Feria Internacional  del  libro Santo Domingo 2012.(HG)<\/span>. <\/p>\n<\/p>\n<h6> 2012-04-29 15:51:13 <\/h6>\n<p><!--\n<link rel=\"stylesheet\" href=\"css\/bootstrap.min.css\">\n\n\n<ul class=\"pagination\">\n\t    \n\t\n\n<li >\n\t<a href='?page_no=17477'>Previous<\/a>\n\t<\/li>\n\n\n       \n    \n\n<li><a href='?page_no=1'>1<\/a><\/li>\n\n\n\n<li><a href='?page_no=2'>2<\/a><\/li>\n\n\n\n<li><a>...<\/a><\/li>\n\n\n\n<li><a href='?page_no=17476'>17476<\/a><\/li>\n\n\n\n<li><a href='?page_no=17477'>17477<\/a><\/li>\n\n\n\n<li class='active'><a>17478<\/a><\/li>\n\n\n\n<li><a href='?page_no=17479'>17479<\/a><\/li>\n\n\n\n<li><a href='?page_no=17480'>17480<\/a><\/li>\n\n\n\n<li><a>...<\/a><\/li>\n\n\n\n<li><a href='?page_no=22911'>22911<\/a><\/li>\n\n\n\n<li><a href='?page_no=22912'>22912<\/a><\/li>\n\n    \n\t\n\n<li >\n\t<a href='?page_no=17479'>Next<\/a>\n\t<\/li>\n\n\n    \n\n<li><a href='?page_no=22912'>Last &rsaquo;&rsaquo;<\/a><\/li>\n\n<\/ul>\n\n\n--><br \/>\n<\/body><\/p>\n","protected":false},"excerpt":{"rendered":"<p>Rep.Dom. 29 de Abril 11:53 P.M.- Con la presencia del doctor Jos\u00e9 Alejandro Ayuso, experto constitucionalista y miembro de la Fundaci\u00f3n Equidad, se puso en circulaci\u00f3n la \u00abGu\u00eda para entender la Constituci\u00f3n Dominicana de 2010\u00bb. El experto resalt\u00f3 el Art\u00edculo 63-13 de la Constituci\u00f3n el cual estipula que, \u00abcon la finalidad de formar ciudadanas y [&hellip;]<\/p>\n","protected":false},"author":3,"featured_media":0,"comment_status":"open","ping_status":"open","sticky":false,"template":"","format":"standard","meta":{"footnotes":""},"categories":[21],"tags":[],"class_list":["post-65800","post","type-post","status-publish","format-standard","hentry","category-cultura"],"_links":{"self":[{"href":"https:\/\/diariodominicano.com\/index.php?rest_route=\/wp\/v2\/posts\/65800","targetHints":{"allow":["GET"]}}],"collection":[{"href":"https:\/\/diariodominicano.com\/index.php?rest_route=\/wp\/v2\/posts"}],"about":[{"href":"https:\/\/diariodominicano.com\/index.php?rest_route=\/wp\/v2\/types\/post"}],"author":[{"embeddable":true,"href":"https:\/\/diariodominicano.com\/index.php?rest_route=\/wp\/v2\/users\/3"}],"replies":[{"embeddable":true,"href":"https:\/\/diariodominicano.com\/index.php?rest_route=%2Fwp%2Fv2%2Fcomments&post=65800"}],"version-history":[{"count":0,"href":"https:\/\/diariodominicano.com\/index.php?rest_route=\/wp\/v2\/posts\/65800\/revisions"}],"wp:attachment":[{"href":"https:\/\/diariodominicano.com\/index.php?rest_route=%2Fwp%2Fv2%2Fmedia&parent=65800"}],"wp:term":[{"taxonomy":"category","embeddable":true,"href":"https:\/\/diariodominicano.com\/index.php?rest_route=%2Fwp%2Fv2%2Fcategories&post=65800"},{"taxonomy":"post_tag","embeddable":true,"href":"https:\/\/diariodominicano.com\/index.php?rest_route=%2Fwp%2Fv2%2Ftags&post=65800"}],"curies":[{"name":"wp","href":"https:\/\/api.w.org\/{rel}","templated":true}]}}