{"id":657990,"date":"2026-01-01T23:37:51","date_gmt":"2026-01-02T03:37:51","guid":{"rendered":"https:\/\/diariodominicano.com\/?p=657990"},"modified":"2026-01-02T01:09:10","modified_gmt":"2026-01-02T05:09:10","slug":"presidente-de-venezuela-desmintio-segundo-dialogo-con-donald-trump","status":"publish","type":"post","link":"https:\/\/diariodominicano.com\/?p=657990","title":{"rendered":"Presidente de Venezuela desminti\u00f3 segundo di\u00e1logo con Donald Trump"},"content":{"rendered":"\n<ul class=\"wp-block-list\">\n<li>enero 1, 2026<\/li>\n\n\n\n<li>CST20:59 GMT -05;00<\/li>\n<\/ul>\n\n\n\n<p>Caracas, 1 ene (Prensa Latina) El presidente de Venezuela, Nicol\u00e1s Maduro, desminti\u00f3 hoy haber sostenido un segundo di\u00e1logo con su hom\u00f3logo de Estado Unidos, Donald Trump, despu\u00e9s de rumores sobre una nueva conversaci\u00f3n.<\/p>\n\n\n\n<p>Durante la entrevista anual de cada 1 de enero con el intelectual franco espa\u00f1ol Ignacio Ramonet y en compa\u00f1\u00eda de la primera combatiente Cilia Flores, el jefe de Estado s\u00ed ratific\u00f3 que \u201cnosotros hemos tenido, una sola conversaci\u00f3n\u201d.<\/p>\n\n\n\n<p><\/p>\n\n\n\n<p>Record\u00f3 que el jefe de la Casa Blanca lo llam\u00f3 por tel\u00e9fono el pasado 21 de noviembre cuando estaba en el Palacio de Miraflores, sede de Gobierno, y fue un di\u00e1logo de unos 10 minutos.<\/p>\n\n\n\n<p>\u201cFue una conversaci\u00f3n, como yo he dicho, respetuosa, muy respetuosa. Lo primero que me dijo fue m\u00edster presidente Maduro, y yo le dije m\u00edster president Donald Trump\u201d, rememor\u00f3.<\/p>\n\n\n\n<p>\u201cCreo que fue hasta agradable esa conversaci\u00f3n\u201d, subray\u00f3 el mandatario sudamericano, y valor\u00f3 ese intercambio telef\u00f3nico de momento positivo para la diplomacia bilateral.<\/p>\n\n\n\n<p>Sin embargo, lament\u00f3 que despu\u00e9s \u201clas evoluciones post-conversaci\u00f3n no han sido agradables\u201d.<\/p>\n\n\n\n<p>Maduro ratific\u00f3, una vez m\u00e1s, su disposici\u00f3n al di\u00e1logo bajo el principio de la soberan\u00eda nacional, la vocaci\u00f3n pacifista de Venezuela frente a las amenazas externas y llam\u00f3 nuevamente a la paz y convivencia entre los pueblos.<\/p>\n\n\n\n<p>Caracas dispone de la suficiente madurez pol\u00edtica para entablar conversaciones serias con la actual administraci\u00f3n estadounidense o con futuras, subray\u00f3.<\/p>\n\n\n\n<p>Asegur\u00f3 que el pa\u00eds est\u00e1 preparado para establecer acuerdos de desarrollo econ\u00f3mico y cooperaci\u00f3n petrolera, siempre que se basen en la racionalidad, la diplomacia y el respeto mutuo.<\/p>\n\n\n\n<p>El gobernante expres\u00f3 que Washington busca imponerse mediante la intimidaci\u00f3n para intentar lograr un cambio de r\u00e9gimen y as\u00ed controlar los recursos naturales de la Rep\u00fablica Bolivariana.<\/p>\n\n\n\n<p>Consider\u00f3 como \u201cinusuales e ilegales\u201d las amenazas navales y militares de la naci\u00f3n norte\u00f1a contra Venezuela, que despleg\u00f3 frente a sus costas miles de efectivos, m\u00e1s de una decena de buques de guerra y un submarino nuclear.<\/p>\n\n\n\n<p>Al respecto, consider\u00f3 que todas esas acciones violan la Carta de las Naciones Unidas y el Derecho Internacional de posguerra que proh\u00edbe el uso de la fuerza, as\u00ed como exhort\u00f3 a la sociedad civil de Estados Unidos a reflexionar sobre la \u00e9tica de estas intervenciones y compar\u00f3 el escenario actual con otros conflictos como los de ocurridos en Vietnam y Afganist\u00e1n.<\/p>\n\n\n\n<p>Remarc\u00f3 que, pese a las narrativas de confrontaci\u00f3n, Venezuela \u201cmantiene su derecho a la paz y a la defensa de su soberan\u00eda sobre el petr\u00f3leo, el oro y las riquezas estrat\u00e9gicas\u201d.<\/p>\n\n\n\n<p>lam\/jcd<\/p>\n\n\n\n<ul class=\"wp-block-list\">\n<li>#<a href=\"https:\/\/www.prensa-latina.cu\/etiqueta\/eeuu\/\">eeuu<\/a>&nbsp;#<a href=\"https:\/\/www.prensa-latina.cu\/etiqueta\/onu\/\">ONU<\/a>&nbsp;#<a href=\"https:\/\/www.prensa-latina.cu\/etiqueta\/paz\/\">paz<\/a>&nbsp;#<a href=\"https:\/\/www.prensa-latina.cu\/etiqueta\/venezuela\/\">Venezuela<\/a><\/li>\n<\/ul>\n","protected":false},"excerpt":{"rendered":"<p>Caracas, 1 ene (Prensa Latina) El presidente de Venezuela, Nicol\u00e1s Maduro, desminti\u00f3 hoy haber sostenido un segundo di\u00e1logo con su hom\u00f3logo de Estado Unidos, Donald Trump, despu\u00e9s de rumores sobre una nueva conversaci\u00f3n. Durante la entrevista anual de cada 1 de enero con el intelectual franco espa\u00f1ol Ignacio Ramonet y en compa\u00f1\u00eda de la primera [&hellip;]<\/p>\n","protected":false},"author":2,"featured_media":657991,"comment_status":"closed","ping_status":"closed","sticky":false,"template":"","format":"standard","meta":{"footnotes":""},"categories":[36,23],"tags":[3556,1375],"class_list":["post-657990","post","type-post","status-publish","format-standard","has-post-thumbnail","hentry","category-hombresmujeresycosas","category-internacional","tag-prensa-latina","tag-venezuela"],"_links":{"self":[{"href":"https:\/\/diariodominicano.com\/index.php?rest_route=\/wp\/v2\/posts\/657990","targetHints":{"allow":["GET"]}}],"collection":[{"href":"https:\/\/diariodominicano.com\/index.php?rest_route=\/wp\/v2\/posts"}],"about":[{"href":"https:\/\/diariodominicano.com\/index.php?rest_route=\/wp\/v2\/types\/post"}],"author":[{"embeddable":true,"href":"https:\/\/diariodominicano.com\/index.php?rest_route=\/wp\/v2\/users\/2"}],"replies":[{"embeddable":true,"href":"https:\/\/diariodominicano.com\/index.php?rest_route=%2Fwp%2Fv2%2Fcomments&post=657990"}],"version-history":[{"count":3,"href":"https:\/\/diariodominicano.com\/index.php?rest_route=\/wp\/v2\/posts\/657990\/revisions"}],"predecessor-version":[{"id":658069,"href":"https:\/\/diariodominicano.com\/index.php?rest_route=\/wp\/v2\/posts\/657990\/revisions\/658069"}],"wp:featuredmedia":[{"embeddable":true,"href":"https:\/\/diariodominicano.com\/index.php?rest_route=\/wp\/v2\/media\/657991"}],"wp:attachment":[{"href":"https:\/\/diariodominicano.com\/index.php?rest_route=%2Fwp%2Fv2%2Fmedia&parent=657990"}],"wp:term":[{"taxonomy":"category","embeddable":true,"href":"https:\/\/diariodominicano.com\/index.php?rest_route=%2Fwp%2Fv2%2Fcategories&post=657990"},{"taxonomy":"post_tag","embeddable":true,"href":"https:\/\/diariodominicano.com\/index.php?rest_route=%2Fwp%2Fv2%2Ftags&post=657990"}],"curies":[{"name":"wp","href":"https:\/\/api.w.org\/{rel}","templated":true}]}}