{"id":65799,"date":"2012-04-29T16:04:02","date_gmt":"2012-04-29T16:04:02","guid":{"rendered":"http:\/\/diariodominicano.ddns.net\/?p=65799"},"modified":"2012-04-29T16:04:02","modified_gmt":"2012-04-29T16:04:02","slug":"recordaran-profesor-andre-vloebergh","status":"publish","type":"post","link":"https:\/\/diariodominicano.com\/?p=65799","title":{"rendered":"Recordar\u00e1n profesor Andr\u00e9 Vloebergh"},"content":{"rendered":"<p><body><\/p>\n<p><img decoding=\"async\" src=\"img3\/Vloebergh.JPG\" \/>  <\/p>\n<p><span class=\"text1noticias\">Rep.Dom. 29 de Abril 12:05 P.M.-Autoridades, profesores y egresados de la Facultad de Ciencias Agron\u00f3micas y Veterinarias de la Universidad Aut\u00f3noma de Santo Domingo (UASD) recordar\u00e1n al profesor Andr\u00e9 Vloebergh Belat, fundador de la Escuela de Agronom\u00eda y que falleci\u00f3 el 29 de abril del 1987.<\/span><\/p>\n<\/p>\n<p><span class=\"text1noticias\">Una misa de recordaci\u00f3n ser\u00e1 realizada el martes 1 de mayo del 2012, a las 6:00 pm en la Iglesia Don Bosco de Santo Domingo.<\/span><\/p>\n<\/p>\n<p><span class=\"text1noticias\">El profesor Andr\u00e9 Vloebergh Belat naci\u00f3 en Francia y emigr\u00f3 a la Rep\u00fablica Dominicana, donde se destac\u00f3 por su apoyo a la educaci\u00f3n agr\u00edcola y fue reconocido por sus aportes a la formaci\u00f3n de los profesionales agropecuarios de la Rep\u00fablica Dominicana.<\/span><\/p>\n<\/p>\n<p><span class=\"text1noticias\">Sobre Andr\u00e9 Vloebergh Belat<\/span><\/p>\n<\/p>\n<p><span class=\"text1noticias\">Naci\u00f3 en Par\u00eds, Francia, el 20 de enero del 1907. Ingres\u00f3 a la Universidad Autonoma de Santo Domingo (UASD), como asesor acad\u00e9mico y profesor de la Escuela de Agronom\u00eda de la Facultad de Ciencias Agron\u00f3micas y Veterinarias, la cual fue fundada por \u00e9l. <\/span><\/p>\n<\/p>\n<p><span class=\"text1noticias\">Fue director de la Escuela de Agronom\u00eda para los per\u00edodos de 1966 al 1968, 1968 al 1970 y 1971 al 1981. La UASD le otorg\u00f3 la investidura de \u00abProfesor Merit\u00edsimo\u00bb, el m\u00e1s alto galard\u00f3n que otorga esa instituci\u00f3n, en atenci\u00f3n a los m\u00e9ritos acumulados, por haber laborado como acad\u00e9mico y fundador de la Escuela de Agronom\u00eda. En 1979, el Consejo Universitario le otorga el premio al trabajador universitario en la categor\u00eda de docente; en 1981 se le inviste como asesor e investigador permanente de la Facultad de Ciencias Agron\u00f3micas y Veterinarias. <\/span><\/p>\n<\/p>\n<p><span class=\"text1noticias\">Los aportes acad\u00e9micos, tanto a nivel t\u00e9cnico como de ingenier\u00eda, acreditan al profesor Vloebergh como el padre de la ense\u00f1anza de las ciencias agron\u00f3micas en la Rep\u00fablica Dominicana. Muri\u00f3 el 29 de abril de 1987 y sus restos descansan en un humilde cementerio ubicado en la secci\u00f3n de los mameyes, en Haina, a 20 kil\u00f3metros al oeste de la ciudad de Santo Domingo.(HG)<\/span>.<\/p>\n<h6> 2012-04-29 16:04:02 <\/h6>\n<p><!--\n<link rel=\"stylesheet\" href=\"css\/bootstrap.min.css\">\n\n\n<ul class=\"pagination\">\n\t    \n\t\n\n<li >\n\t<a href='?page_no=17476'>Previous<\/a>\n\t<\/li>\n\n\n       \n    \n\n<li><a href='?page_no=1'>1<\/a><\/li>\n\n\n\n<li><a href='?page_no=2'>2<\/a><\/li>\n\n\n\n<li><a>...<\/a><\/li>\n\n\n\n<li><a href='?page_no=17475'>17475<\/a><\/li>\n\n\n\n<li><a href='?page_no=17476'>17476<\/a><\/li>\n\n\n\n<li class='active'><a>17477<\/a><\/li>\n\n\n\n<li><a href='?page_no=17478'>17478<\/a><\/li>\n\n\n\n<li><a href='?page_no=17479'>17479<\/a><\/li>\n\n\n\n<li><a>...<\/a><\/li>\n\n\n\n<li><a href='?page_no=22911'>22911<\/a><\/li>\n\n\n\n<li><a href='?page_no=22912'>22912<\/a><\/li>\n\n    \n\t\n\n<li >\n\t<a href='?page_no=17478'>Next<\/a>\n\t<\/li>\n\n\n    \n\n<li><a href='?page_no=22912'>Last &rsaquo;&rsaquo;<\/a><\/li>\n\n<\/ul>\n\n\n--><br \/>\n<\/body><\/p>\n","protected":false},"excerpt":{"rendered":"<p>Rep.Dom. 29 de Abril 12:05 P.M.-Autoridades, profesores y egresados de la Facultad de Ciencias Agron\u00f3micas y Veterinarias de la Universidad Aut\u00f3noma de Santo Domingo (UASD) recordar\u00e1n al profesor Andr\u00e9 Vloebergh Belat, fundador de la Escuela de Agronom\u00eda y que falleci\u00f3 el 29 de abril del 1987. Una misa de recordaci\u00f3n ser\u00e1 realizada el martes 1 [&hellip;]<\/p>\n","protected":false},"author":3,"featured_media":0,"comment_status":"open","ping_status":"open","sticky":false,"template":"","format":"standard","meta":{"footnotes":""},"categories":[21],"tags":[],"class_list":["post-65799","post","type-post","status-publish","format-standard","hentry","category-cultura"],"_links":{"self":[{"href":"https:\/\/diariodominicano.com\/index.php?rest_route=\/wp\/v2\/posts\/65799","targetHints":{"allow":["GET"]}}],"collection":[{"href":"https:\/\/diariodominicano.com\/index.php?rest_route=\/wp\/v2\/posts"}],"about":[{"href":"https:\/\/diariodominicano.com\/index.php?rest_route=\/wp\/v2\/types\/post"}],"author":[{"embeddable":true,"href":"https:\/\/diariodominicano.com\/index.php?rest_route=\/wp\/v2\/users\/3"}],"replies":[{"embeddable":true,"href":"https:\/\/diariodominicano.com\/index.php?rest_route=%2Fwp%2Fv2%2Fcomments&post=65799"}],"version-history":[{"count":0,"href":"https:\/\/diariodominicano.com\/index.php?rest_route=\/wp\/v2\/posts\/65799\/revisions"}],"wp:attachment":[{"href":"https:\/\/diariodominicano.com\/index.php?rest_route=%2Fwp%2Fv2%2Fmedia&parent=65799"}],"wp:term":[{"taxonomy":"category","embeddable":true,"href":"https:\/\/diariodominicano.com\/index.php?rest_route=%2Fwp%2Fv2%2Fcategories&post=65799"},{"taxonomy":"post_tag","embeddable":true,"href":"https:\/\/diariodominicano.com\/index.php?rest_route=%2Fwp%2Fv2%2Ftags&post=65799"}],"curies":[{"name":"wp","href":"https:\/\/api.w.org\/{rel}","templated":true}]}}