{"id":65798,"date":"2012-04-29T16:48:34","date_gmt":"2012-04-29T16:48:34","guid":{"rendered":"http:\/\/diariodominicano.ddns.net\/?p=65798"},"modified":"2012-04-29T16:48:34","modified_gmt":"2012-04-29T16:48:34","slug":"guerrillero-del-tiempo-y-su-vinculo-con-la-historia-dominicana","status":"publish","type":"post","link":"https:\/\/diariodominicano.com\/?p=65798","title":{"rendered":"Guerrillero del Tiempo y su v\u00ednculo con la historia dominicana"},"content":{"rendered":"<p><body><\/p>\n<p><img decoding=\"async\" src=\"img3\/guerrillero.jpg\" \/>  <\/p>\n<p><span class=\"text1noticias\">Santo Domingo, 29 ene 12:50 P.M. (PL) El escritor dominicano Hamlet Hermann afirm\u00f3 que la obra testimonial cubana Guerrillero del Tiempo, contiene muchas novedades que desconoc\u00eda de la historia reciente dominicana.<\/span><\/p>\n<\/p>\n<p><span class=\"text1noticias\">Adelant\u00f3 a Prensa Latina que en su art\u00edculo del pr\u00f3ximo lunes aborda su apreciaci\u00f3n del libro contentivo de las conversaciones del comandante Fidel Castro con la escritora Katiuska Blanco, editado recientemente.<\/span><\/p>\n<\/p>\n<p><span class=\"text1noticias\">La autora tuvo la habilidad de conducir las extensas narraciones del l\u00edder hist\u00f3rico de la Revoluci\u00f3n Cubana con maestr\u00eda. Sus pesquisas ajustaron y pusieron en su lugar los recuerdos del pasado, hechos de memoria por Fidel Castro.<\/span><\/p>\n<\/p>\n<p><span class=\"text1noticias\">Aunque con las caracter\u00edsticas f\u00edsicas de un libro, en opini\u00f3n de Hermann el texto en realidad pone al lector en el escenario de los hechos narrados, aunque sin derecho a hablar, as\u00ed de realista es el extenso di\u00e1logo.<\/span><\/p>\n<\/p>\n<p><span class=\"text1noticias\">Algo que se hace evidente, seg\u00fan el ingeniero devenido escritor, es la devoci\u00f3n que pone el testimoniante en el internacionalismo y, en particular, el relacionado con la Rep\u00fablica Dominicana.<\/span><\/p>\n<\/p>\n<p><span class=\"text1noticias\">Hermann dice que quiz\u00e1s los textos de historia de las escuelas cubanas ayudaron al comandante Fidel Castro a descubrir el internacionalismo dominicano a trav\u00e9s de los cinco generales de Ban\u00ed que participaron en la guerra contra el colonialismo espa\u00f1ol por la independencia de Cuba.<\/span><\/p>\n<\/p>\n<p><span class=\"text1noticias\">Fidel describe en este di\u00e1logo algo ya conocido por los relatos de Celia S\u00e1nchez, dice el autor dominicano, las luchas de dominicanos y cubanos contra la opresi\u00f3n siempre han sido una y la misma cosa.<\/span><\/p>\n<\/p>\n<p><span class=\"text1noticias\">Por ejemplo, en 1947, cuando Fidel Castro cursaba el segundo a\u00f1o de leyes en la Universidad de la Habana, era presidente de la Federaci\u00f3n de Estudiantes de esa facultad y desempe\u00f1aba la presidencia del Comit\u00e9 Pro-Democracia Dominicana.<\/span><\/p>\n<\/p>\n<p><span class=\"text1noticias\">Es en ese contexto que se inscribe el relato detallado del proyecto anti trujillista conocido como la Expedici\u00f3n de Cayo Confite.<\/span><\/p>\n<\/p>\n<p><span class=\"text1noticias\">Dice Fidel al respecto que ten\u00eda muchos amigos dominicanos exiliados en Cuba y cuando se habl\u00f3 de organizar una expedici\u00f3n para derrocar la dictadura de Rafael Le\u00f3nidas Trujillo, se sinti\u00f3 moralmente obligado a participar, aunque este fue traicionado por aliados del tirano en Cuba.<\/span><\/p>\n<\/p>\n<p><span class=\"text1noticias\">Sobre Juan Bosch, el testimonio dice que de todos los dominicanos que conoci\u00f3 Fidel Castro, el profesor fue el que m\u00e1s le impresion\u00f3. El otro fue Ram\u00f3n Mej\u00eda Castillo, quien m\u00e1s tarde fuera el piloto del yate Granma, barco que condujo a los revolucionarios a Cuba, donde se inici\u00f3 la lucha armada en la Sierra Maestra.<\/span><\/p>\n<\/p>\n<p><span class=\"text1noticias\">Nueve a\u00f1os despu\u00e9s, se\u00f1ala Hermann, Mej\u00eda (Pichirilo) ser\u00eda comandante constitucionalista en la lucha contra la invasi\u00f3n de Estados Unidos a Rep\u00fablica Dominicana.<\/span><\/p>\n<\/p>\n<p><span class=\"text1noticias\">Hamlet Hermann lleg\u00f3 as\u00ed a la conclusi\u00f3n que Guerrillero del Tiempo debe ser lectura obligatoria de todos los dominicanos porque algunos de los episodios narrados por Fidel Castro se asemejan a situaciones actuales de este pa\u00eds que deben corregirse sin demora.(HG)<\/span>.<\/p>\n<h6> 2012-04-29 16:48:34 <\/h6>\n<p><!--\n<link rel=\"stylesheet\" href=\"css\/bootstrap.min.css\">\n\n\n<ul class=\"pagination\">\n\t    \n\t\n\n<li >\n\t<a href='?page_no=17475'>Previous<\/a>\n\t<\/li>\n\n\n       \n    \n\n<li><a href='?page_no=1'>1<\/a><\/li>\n\n\n\n<li><a href='?page_no=2'>2<\/a><\/li>\n\n\n\n<li><a>...<\/a><\/li>\n\n\n\n<li><a href='?page_no=17474'>17474<\/a><\/li>\n\n\n\n<li><a href='?page_no=17475'>17475<\/a><\/li>\n\n\n\n<li class='active'><a>17476<\/a><\/li>\n\n\n\n<li><a href='?page_no=17477'>17477<\/a><\/li>\n\n\n\n<li><a href='?page_no=17478'>17478<\/a><\/li>\n\n\n\n<li><a>...<\/a><\/li>\n\n\n\n<li><a href='?page_no=22911'>22911<\/a><\/li>\n\n\n\n<li><a href='?page_no=22912'>22912<\/a><\/li>\n\n    \n\t\n\n<li >\n\t<a href='?page_no=17477'>Next<\/a>\n\t<\/li>\n\n\n    \n\n<li><a href='?page_no=22912'>Last &rsaquo;&rsaquo;<\/a><\/li>\n\n<\/ul>\n\n\n--><br \/>\n<\/body><\/p>\n","protected":false},"excerpt":{"rendered":"<p>Santo Domingo, 29 ene 12:50 P.M. (PL) El escritor dominicano Hamlet Hermann afirm\u00f3 que la obra testimonial cubana Guerrillero del Tiempo, contiene muchas novedades que desconoc\u00eda de la historia reciente dominicana. Adelant\u00f3 a Prensa Latina que en su art\u00edculo del pr\u00f3ximo lunes aborda su apreciaci\u00f3n del libro contentivo de las conversaciones del comandante Fidel Castro [&hellip;]<\/p>\n","protected":false},"author":3,"featured_media":0,"comment_status":"open","ping_status":"open","sticky":false,"template":"","format":"standard","meta":{"footnotes":""},"categories":[21],"tags":[],"class_list":["post-65798","post","type-post","status-publish","format-standard","hentry","category-cultura"],"_links":{"self":[{"href":"https:\/\/diariodominicano.com\/index.php?rest_route=\/wp\/v2\/posts\/65798","targetHints":{"allow":["GET"]}}],"collection":[{"href":"https:\/\/diariodominicano.com\/index.php?rest_route=\/wp\/v2\/posts"}],"about":[{"href":"https:\/\/diariodominicano.com\/index.php?rest_route=\/wp\/v2\/types\/post"}],"author":[{"embeddable":true,"href":"https:\/\/diariodominicano.com\/index.php?rest_route=\/wp\/v2\/users\/3"}],"replies":[{"embeddable":true,"href":"https:\/\/diariodominicano.com\/index.php?rest_route=%2Fwp%2Fv2%2Fcomments&post=65798"}],"version-history":[{"count":0,"href":"https:\/\/diariodominicano.com\/index.php?rest_route=\/wp\/v2\/posts\/65798\/revisions"}],"wp:attachment":[{"href":"https:\/\/diariodominicano.com\/index.php?rest_route=%2Fwp%2Fv2%2Fmedia&parent=65798"}],"wp:term":[{"taxonomy":"category","embeddable":true,"href":"https:\/\/diariodominicano.com\/index.php?rest_route=%2Fwp%2Fv2%2Fcategories&post=65798"},{"taxonomy":"post_tag","embeddable":true,"href":"https:\/\/diariodominicano.com\/index.php?rest_route=%2Fwp%2Fv2%2Ftags&post=65798"}],"curies":[{"name":"wp","href":"https:\/\/api.w.org\/{rel}","templated":true}]}}