{"id":65797,"date":"2012-04-29T18:17:16","date_gmt":"2012-04-29T18:17:16","guid":{"rendered":"http:\/\/diariodominicano.ddns.net\/?p=65797"},"modified":"2012-04-29T18:17:16","modified_gmt":"2012-04-29T18:17:16","slug":"funglode-pondra-en-circulacion-anos-de-formacion-escritos-politicos-de-vanguardia-del-doctor-leonel-fernandez-02-05-2012","status":"publish","type":"post","link":"https:\/\/diariodominicano.com\/?p=65797","title":{"rendered":"FUNGLODE pondr\u00e1 en circulaci\u00f3n \u00abA\u00f1os de formaci\u00f3n: escritos pol\u00edticos de vanguardia\u00bb, del doctor  Leonel Fern\u00e1ndez (02\/05\/2012)&#13;"},"content":{"rendered":"<p><body><\/p>\n<p><span class=\"text1noticias\">(SANTO DOMINGO, Rep\u00fablica Dominicana,  29 de abril de 2012).- \u00abA\u00f1os de formaci\u00f3n: escritos pol\u00edticos de vanguardia\u00bb es la obra m\u00e1s reciente del doctor  Leonel Fernandez, quien comparte con la publicaci\u00f3n la recopilaci\u00f3n de sus escritos correspondientes a la etapa inicial de su formaci\u00f3n pol\u00edtica. El libro ser\u00e1 presentado lugar en el Club Mauricio B\u00e1ez, este mi\u00e9rcoles 2 de mayo, a las 7:00 de la noche.<\/span><\/p>\n<p><span class=\"text1noticias\">En la presentaci\u00f3n del libro har\u00e1n comentarios sobre su contenido el Dr. Rafael Alburquerque, vicepresidente de la Rep\u00fablica, y el Ing. Tem\u00edstocles Mont\u00e1s, Ministro de Econom\u00eda y Planificaci\u00f3n.<\/span><\/p>\n<\/p>\n<p><span class=\"text1noticias\">La obra de 300 p\u00e1ginas, editada por la Fundaci\u00f3n Global Democracia y Desarrollo (FUNGLODE), de la que el autor es presidente honorario, muestra las primeras reflexiones sobre temas pol\u00edticos del presidente del Partido de la Liberaci\u00f3n Dominicana y presidente de la Rep\u00fablica \u00abcon el esp\u00edritu radical de un joven que solo aspiraba a ser contempor\u00e1neo de su \u00e9poca\u00bb.<\/span><\/p>\n<\/p>\n<p><span class=\"text1noticias\">Como consigna la edici\u00f3n, muchas de esas ideas fueron expuestas inicialmente a trav\u00e9s del peri\u00f3dico Vanguardia del Pueblo, \u00f3rgano de difusi\u00f3n del Partido de la Liberaci\u00f3n Dominicana (PLD), en el cual se desempe\u00f1\u00f3 durante varios a\u00f1os como editor de su secci\u00f3n internacional.<\/span><\/p>\n<\/p>\n<p><span class=\"text1noticias\">Con el devenir de los a\u00f1os, consigna la publicaci\u00f3n, Leonel Fern\u00e1ndez llegar\u00eda, en tres distintos per\u00edodos, a la Presidencia de la Rep\u00fablica Dominicana, con un camino inicial cimentado en el proceso de formaci\u00f3n pol\u00edtica e intelectual que se fue gestando en su condici\u00f3n de analista pol\u00edtico del peri\u00f3dico Vanguardia del Pueblo.<\/span><\/p>\n<\/p>\n<p><span class=\"text1noticias\">\u00abDesde los diecisiete a\u00f1os de edad, Leonel Fern\u00e1ndez empez\u00f3 a participar de forma din\u00e1mica en la actividad pol\u00edtica de la Rep\u00fablica Dominicana, sin otro prop\u00f3sito que no fuera el de hacer una modesta contribuci\u00f3n al desarrollo de la democracia, la libertad y la justicia social\u00bb, destaca la casa editorial.<\/span><\/p>\n<\/p>\n<p><span class=\"text1noticias\">Agrega que esa incursi\u00f3n en el quehacer pol\u00edtico lo condujo, desde un principio, a cultivar un inter\u00e9s por las ideas y el pensamiento pol\u00edtico, y a partir de ah\u00ed, a la necesidad de expresarse y compartir juicios y opiniones acerca de los principales acontecimientos de su \u00e9poca, de car\u00e1cter nacional e internacional.<\/span><\/p>\n<\/p>\n<p><span class=\"text1noticias\">\u00abLa obra ?se subraya- constituye un excelente mosaico que representa el esp\u00edritu de una \u00e9poca, la d\u00e9cada de los setenta, desde la perspectiva de un joven inquieto y radical que, con una ins\u00f3lita madurez y curiosidad, se asoma a un mundo en profundo cambio\u00bb.<\/span><\/p>\n<\/p>\n<p><span class=\"text1noticias\">Se pone de relieve tambi\u00e9n que el joven Leonel Fern\u00e1ndez, disc\u00edpulo de Juan Bosch, que acabar\u00eda siendo testigo de muy diferentes sucesos, se prepar\u00f3 para vivir con honor y generosidad la lucha por eliminar de la faz de la tierra las injusticias y la opresi\u00f3n, y conducir a la Rep\u00fablica Dominicana por el sendero de la tan anhelada democracia.<\/span><\/p>\n<\/p>\n<p><span class=\"text1noticias\">De la presentaci\u00f3n de la obra<\/span><\/p>\n<\/p>\n<p><span class=\"text1noticias\">A trav\u00e9s de tres grandes ep\u00edgrafes que abarcan temas internacionales, latinoamericanos y nacionales, y una selecci\u00f3n de 79 art\u00edculos, escritos en su mayor\u00eda entre los 19 y los 24 a\u00f1os de edad, el autor repasa el papel que jugaron los Estados Unidos en la \u00faltima etapa de la guerra fr\u00eda, incursiona en temas como las dictaduras de Chile, Argentina y Uruguay, y examina los casos de diversos pa\u00edses de Europa, Asia y \u00c1frica que en aquellos tiempos hab\u00edan entrado en una etapa intensa y trascendental.<\/span><\/p>\n<\/p>\n<p><span class=\"text1noticias\">Otros aspectos como la exaltaci\u00f3n mesi\u00e1nica del poder, el control de la informaci\u00f3n, la doctrina de la represalia masiva y la respuesta flexible, el militarismo, el mundo bipolar, tambi\u00e9n tienen cabida en esta antolog\u00eda inscrita en el esp\u00edritu de la \u00abvanguardia\u00bb.<\/span><\/p>\n<\/p>\n<p><span class=\"text1noticias\">Este libro le ayudar\u00e1 al lector a rescatar de la memoria estos acontecimientos y la secuencia en que se sucedieron, para formar un \u00abretrato de lo que puede considerarse el esp\u00edritu de una \u00e9poca y las ilusiones de una generaci\u00f3n\u00bb.<\/span><\/p>\n<\/p>\n<\/p>\n<\/p>\n<\/p>\n<h6> 2012-04-29 18:17:16 <\/h6>\n<p><!--\n<link rel=\"stylesheet\" href=\"css\/bootstrap.min.css\">\n\n\n<ul class=\"pagination\">\n\t    \n\t\n\n<li >\n\t<a href='?page_no=17474'>Previous<\/a>\n\t<\/li>\n\n\n       \n    \n\n<li><a href='?page_no=1'>1<\/a><\/li>\n\n\n\n<li><a href='?page_no=2'>2<\/a><\/li>\n\n\n\n<li><a>...<\/a><\/li>\n\n\n\n<li><a href='?page_no=17473'>17473<\/a><\/li>\n\n\n\n<li><a href='?page_no=17474'>17474<\/a><\/li>\n\n\n\n<li class='active'><a>17475<\/a><\/li>\n\n\n\n<li><a href='?page_no=17476'>17476<\/a><\/li>\n\n\n\n<li><a href='?page_no=17477'>17477<\/a><\/li>\n\n\n\n<li><a>...<\/a><\/li>\n\n\n\n<li><a href='?page_no=22911'>22911<\/a><\/li>\n\n\n\n<li><a href='?page_no=22912'>22912<\/a><\/li>\n\n    \n\t\n\n<li >\n\t<a href='?page_no=17476'>Next<\/a>\n\t<\/li>\n\n\n    \n\n<li><a href='?page_no=22912'>Last &rsaquo;&rsaquo;<\/a><\/li>\n\n<\/ul>\n\n\n--><br \/>\n<\/body><\/p>\n","protected":false},"excerpt":{"rendered":"<p>(SANTO DOMINGO, Rep\u00fablica Dominicana, 29 de abril de 2012).- \u00abA\u00f1os de formaci\u00f3n: escritos pol\u00edticos de vanguardia\u00bb es la obra m\u00e1s reciente del doctor Leonel Fernandez, quien comparte con la publicaci\u00f3n la recopilaci\u00f3n de sus escritos correspondientes a la etapa inicial de su formaci\u00f3n pol\u00edtica. El libro ser\u00e1 presentado lugar en el Club Mauricio B\u00e1ez, este [&hellip;]<\/p>\n","protected":false},"author":3,"featured_media":0,"comment_status":"open","ping_status":"open","sticky":false,"template":"","format":"standard","meta":{"footnotes":""},"categories":[21],"tags":[],"class_list":["post-65797","post","type-post","status-publish","format-standard","hentry","category-cultura"],"_links":{"self":[{"href":"https:\/\/diariodominicano.com\/index.php?rest_route=\/wp\/v2\/posts\/65797","targetHints":{"allow":["GET"]}}],"collection":[{"href":"https:\/\/diariodominicano.com\/index.php?rest_route=\/wp\/v2\/posts"}],"about":[{"href":"https:\/\/diariodominicano.com\/index.php?rest_route=\/wp\/v2\/types\/post"}],"author":[{"embeddable":true,"href":"https:\/\/diariodominicano.com\/index.php?rest_route=\/wp\/v2\/users\/3"}],"replies":[{"embeddable":true,"href":"https:\/\/diariodominicano.com\/index.php?rest_route=%2Fwp%2Fv2%2Fcomments&post=65797"}],"version-history":[{"count":0,"href":"https:\/\/diariodominicano.com\/index.php?rest_route=\/wp\/v2\/posts\/65797\/revisions"}],"wp:attachment":[{"href":"https:\/\/diariodominicano.com\/index.php?rest_route=%2Fwp%2Fv2%2Fmedia&parent=65797"}],"wp:term":[{"taxonomy":"category","embeddable":true,"href":"https:\/\/diariodominicano.com\/index.php?rest_route=%2Fwp%2Fv2%2Fcategories&post=65797"},{"taxonomy":"post_tag","embeddable":true,"href":"https:\/\/diariodominicano.com\/index.php?rest_route=%2Fwp%2Fv2%2Ftags&post=65797"}],"curies":[{"name":"wp","href":"https:\/\/api.w.org\/{rel}","templated":true}]}}