{"id":657960,"date":"2026-01-01T20:55:06","date_gmt":"2026-01-02T00:55:06","guid":{"rendered":"https:\/\/diariodominicano.com\/?p=657960"},"modified":"2026-01-02T00:35:08","modified_gmt":"2026-01-02T04:35:08","slug":"coraasan-e-inapa-concluyen-trabajos-de-correccion-de-averia-en-tramo-de-linea-en-sabana-iglesia","status":"publish","type":"post","link":"https:\/\/diariodominicano.com\/?p=657960","title":{"rendered":"Coraasan e Inapa informan concluyen trabajos de correcci\u00f3n de aver\u00eda en tramo de l\u00ednea en Sabana Iglesia"},"content":{"rendered":"\n<p>diariodominicano.com<\/p>\n\n\n\n<p>Santiago, R. D.,  1 de enero, 2026.- El director general de la Corporaci\u00f3n del Acueducto y Alcantarillado de Santiago&nbsp;<strong>(Coraasan)<\/strong>, Ing.&nbsp;<strong>Andr\u00e9s Cueto,<\/strong>&nbsp;inform\u00f3 que fueron&nbsp;<strong>concluidos con \u00e9xito<\/strong>&nbsp;los trabajos de&nbsp;<strong>correcci\u00f3n de la aver\u00eda<\/strong>&nbsp;que se produjo en un&nbsp;<strong>tramo de la l\u00ednea de aducci\u00f3n de 60 pulgadas<\/strong>&nbsp;en su trayecto por&nbsp;<strong>La Zanja, Sabana Iglesia.<\/strong><\/p>\n\n\n\n<p>El funcionario indic\u00f3 que tras cumplirse las di\u00e9ciseis horas requeridas para el secado del hormig\u00f3n en la l\u00ednea, se realizaron las pruebas de rigor y el&nbsp;<strong>bombeo inici\u00f3 la noche de este martes.<\/strong><\/p>\n\n\n\n<p>A\u00f1adi\u00f3 que el&nbsp;<strong>contraembalse de Bao y la toma de L\u00f3pez est\u00e1n captando el agua cruda,<\/strong>&nbsp;la cual es conducida a los&nbsp;<strong>acueductos Cibao Central y La Dura de Moca,<\/strong>&nbsp;desde donde es distribuido el l\u00edquido,&nbsp;<strong>tras su potabilizaci\u00f3n<\/strong>.<\/p>\n\n\n\n<p>Cueto agradeci\u00f3 el&nbsp;<strong>respaldo constante y el seguimiento del presidente de la Rep\u00fablica, Luis Abinader, la vicepresidenta Raquel Pe\u00f1a<\/strong>&nbsp;y todas las instituciones que estuvieron brindando soporte durante esta&nbsp;<strong>jornada tit\u00e1nica.<\/strong><\/p>\n\n\n\n<p>Asimismo, valor\u00f3 la&nbsp;<strong>paciencia y comprensi\u00f3n de los santiagueros<\/strong>&nbsp;ante esta situaci\u00f3n y reiter\u00f3 su compromiso con el&nbsp;<strong>mejoramiento continuo<\/strong>&nbsp;de los sistemas de&nbsp;<strong>agua potable y saneamiento<\/strong>&nbsp;de la provincia.<\/p>\n\n\n\n<p>Se\u00f1al\u00f3 que&nbsp;<strong>la l\u00ednea de captaci\u00f3n est\u00e1 operando a toda capacidad<\/strong>, conduciendo 5 metros c\u00fabicos por segundo de agua cruda, lo que equivale a&nbsp;<strong>115 millones de galones diarios.<\/strong>&nbsp;<\/p>\n\n\n\n<p>El titular de la instituci\u00f3n potabilizadora y de saneamiento, dijo que&nbsp;<strong>el servicio est\u00e1 llegando paulatinamente a los sectores afectados.<\/strong><\/p>\n\n\n\n<p>Indic\u00f3, adem\u00e1s, que los residentes en los municipios&nbsp;<strong>Pu\u00f1al, Licey al Medio, Tamboril,<\/strong>&nbsp;gran parte del&nbsp;<strong>municipio cabecera Santiago de los Caballeros y La Dura de Moca<\/strong>, est\u00e1n volviendo a la normalidad en la distribuci\u00f3n del l\u00edquido.<\/p>\n\n\n\n<p>Cueto puntualiz\u00f3 que el\u00a0<strong>\u00e1rea intervenida<\/strong>\u00a0est\u00e1 siendo\u00a0<strong>reacondicionada<\/strong>\u00a0en colaboraci\u00f3n con el\u00a0<strong>Ministerio de Obras P\u00fablicas y Comunicaciones<\/strong>, para su\u00a0<strong>viabilizaci\u00f3n<\/strong>.<br>\u00a0Comunicaciones del INAPA<\/p>\n\n\n\n<p><a href=\"https:\/\/presidencia.gob.do\/taxonomy\/term\/109\">INAPA<\/a><\/p>\n","protected":false},"excerpt":{"rendered":"<p>diariodominicano.com Santiago, R. D., 1 de enero, 2026.- El director general de la Corporaci\u00f3n del Acueducto y Alcantarillado de Santiago&nbsp;(Coraasan), Ing.&nbsp;Andr\u00e9s Cueto,&nbsp;inform\u00f3 que fueron&nbsp;concluidos con \u00e9xito&nbsp;los trabajos de&nbsp;correcci\u00f3n de la aver\u00eda&nbsp;que se produjo en un&nbsp;tramo de la l\u00ednea de aducci\u00f3n de 60 pulgadas&nbsp;en su trayecto por&nbsp;La Zanja, Sabana Iglesia. El funcionario indic\u00f3 que tras cumplirse [&hellip;]<\/p>\n","protected":false},"author":5,"featured_media":657961,"comment_status":"closed","ping_status":"closed","sticky":false,"template":"","format":"standard","meta":{"footnotes":""},"categories":[20,27],"tags":[3899,482,3900],"class_list":["post-657960","post","type-post","status-publish","format-standard","has-post-thumbnail","hentry","category-dominicana-hoy","category-portada","tag-coraasan","tag-inapa","tag-sabana-iglesia"],"_links":{"self":[{"href":"https:\/\/diariodominicano.com\/index.php?rest_route=\/wp\/v2\/posts\/657960","targetHints":{"allow":["GET"]}}],"collection":[{"href":"https:\/\/diariodominicano.com\/index.php?rest_route=\/wp\/v2\/posts"}],"about":[{"href":"https:\/\/diariodominicano.com\/index.php?rest_route=\/wp\/v2\/types\/post"}],"author":[{"embeddable":true,"href":"https:\/\/diariodominicano.com\/index.php?rest_route=\/wp\/v2\/users\/5"}],"replies":[{"embeddable":true,"href":"https:\/\/diariodominicano.com\/index.php?rest_route=%2Fwp%2Fv2%2Fcomments&post=657960"}],"version-history":[{"count":2,"href":"https:\/\/diariodominicano.com\/index.php?rest_route=\/wp\/v2\/posts\/657960\/revisions"}],"predecessor-version":[{"id":657974,"href":"https:\/\/diariodominicano.com\/index.php?rest_route=\/wp\/v2\/posts\/657960\/revisions\/657974"}],"wp:featuredmedia":[{"embeddable":true,"href":"https:\/\/diariodominicano.com\/index.php?rest_route=\/wp\/v2\/media\/657961"}],"wp:attachment":[{"href":"https:\/\/diariodominicano.com\/index.php?rest_route=%2Fwp%2Fv2%2Fmedia&parent=657960"}],"wp:term":[{"taxonomy":"category","embeddable":true,"href":"https:\/\/diariodominicano.com\/index.php?rest_route=%2Fwp%2Fv2%2Fcategories&post=657960"},{"taxonomy":"post_tag","embeddable":true,"href":"https:\/\/diariodominicano.com\/index.php?rest_route=%2Fwp%2Fv2%2Ftags&post=657960"}],"curies":[{"name":"wp","href":"https:\/\/api.w.org\/{rel}","templated":true}]}}