{"id":65796,"date":"2012-04-29T19:21:33","date_gmt":"2012-04-29T19:21:33","guid":{"rendered":"http:\/\/diariodominicano.ddns.net\/?p=65796"},"modified":"2012-04-29T19:21:33","modified_gmt":"2012-04-29T19:21:33","slug":"novelista-jose-acosta-es-reconocido-con-calle-en-feria-del-libro","status":"publish","type":"post","link":"https:\/\/diariodominicano.com\/?p=65796","title":{"rendered":"Novelista Jos\u00e9 Acosta es reconocido con calle en Feria del Libro"},"content":{"rendered":"<p><body><\/p>\n<p><span class=\"text1noticias\">Santo Domingo RD 29 abril (3:19 pm).- Durante el programa de dedicatoria de calles que ofrece la Feria Internacional del Libro se reconoci\u00f3 al poeta, cuentista y novelista Jos\u00e9 Acosta, durante un acto presidido por el Ministro de Cultura, Jos\u00e9 Rafael Lantigua.<\/span><\/p>\n<\/p>\n<p><span class=\"text1noticias\">Su importante labor literaria, sus numerosos premios y libros publicados, fueron m\u00e9ritos suficientes para que el escritor, nativo de Santiago de los Caballeros, tenga una calle en la Plaza de la Cultura, durante todo un a\u00f1o.<\/span><\/p>\n<\/p>\n<p><span class=\"text1noticias\">\u00abEn el secreto llamado\u00bb, \u00abDestrucciones\u00bb, \u00abEl evangelio seg\u00fan la muerte\u00bb, \u00abEl efecto domin\u00f3\u00bb y \u00abEl club de los amorosos\u00bb, son algunas de las obras de su autor\u00eda.<\/span><\/p>\n<\/p>\n<p><span class=\"text1noticias\">Durante el acto estuvieron presentes, adem\u00e1s del Ministro, Alejandro Arvelo, Director General de la Feria del Libro,  Fernando Zapata, Director General del Centro de Fomento de la Lectura y el Libro para Am\u00e9rica Latina y El Caribe, Mateo Morrison, Viceministro de Cultura y Manuel Llibre, Secretario General del Consejo Nacional de Cultura, entre otras autoridades.<\/span><\/p>\n<\/p>\n<p><span class=\"text1noticias\">Al hablar sobre Jos\u00e9 Acosta, Llibre resalt\u00f3 la labor como escritor del homenajeado y sus inicios en la literatura en su ciudad natal Santiago.<\/span><\/p>\n<\/p>\n<p><span class=\"text1noticias\">\u00abEl es un escritor serio, que ha escrito en muchas condiciones por su compromiso responsable con la literatura, siendo una constante que lo caracteriza, por lo que es un honor que esta calle lleve su nombre\u00bb, expres\u00f3 el Secretario del Consejo Nacional de Cultura.<\/span><\/p>\n<\/p>\n<p><span class=\"text1noticias\">De su lado, Jos\u00e9 Acosta agradeci\u00f3 al Ministerio de Cultura por la distinci\u00f3n y a quienes siempre han estado a su lado d\u00e1ndole apoyo en cada uno de los trabajos literarios que ha creado.<\/span><\/p>\n<\/p>\n<p><span class=\"text1noticias\">El poeta, periodista y cuentista tambi\u00e9n recibi\u00f3 de las autoridades de Cultura una medalla en honor a los 15 a\u00f1os de la Feria Internacional del Libro.AD<\/span>.<\/p>\n<\/p>\n<h6> 2012-04-29 19:21:33 <\/h6>\n<p><!--\n<link rel=\"stylesheet\" href=\"css\/bootstrap.min.css\">\n\n\n<ul class=\"pagination\">\n\t    \n\t\n\n<li >\n\t<a href='?page_no=17473'>Previous<\/a>\n\t<\/li>\n\n\n       \n    \n\n<li><a href='?page_no=1'>1<\/a><\/li>\n\n\n\n<li><a href='?page_no=2'>2<\/a><\/li>\n\n\n\n<li><a>...<\/a><\/li>\n\n\n\n<li><a href='?page_no=17472'>17472<\/a><\/li>\n\n\n\n<li><a href='?page_no=17473'>17473<\/a><\/li>\n\n\n\n<li class='active'><a>17474<\/a><\/li>\n\n\n\n<li><a href='?page_no=17475'>17475<\/a><\/li>\n\n\n\n<li><a href='?page_no=17476'>17476<\/a><\/li>\n\n\n\n<li><a>...<\/a><\/li>\n\n\n\n<li><a href='?page_no=22911'>22911<\/a><\/li>\n\n\n\n<li><a href='?page_no=22912'>22912<\/a><\/li>\n\n    \n\t\n\n<li >\n\t<a href='?page_no=17475'>Next<\/a>\n\t<\/li>\n\n\n    \n\n<li><a href='?page_no=22912'>Last &rsaquo;&rsaquo;<\/a><\/li>\n\n<\/ul>\n\n\n--><br \/>\n<\/body><\/p>\n","protected":false},"excerpt":{"rendered":"<p>Santo Domingo RD 29 abril (3:19 pm).- Durante el programa de dedicatoria de calles que ofrece la Feria Internacional del Libro se reconoci\u00f3 al poeta, cuentista y novelista Jos\u00e9 Acosta, durante un acto presidido por el Ministro de Cultura, Jos\u00e9 Rafael Lantigua. Su importante labor literaria, sus numerosos premios y libros publicados, fueron m\u00e9ritos suficientes [&hellip;]<\/p>\n","protected":false},"author":3,"featured_media":0,"comment_status":"open","ping_status":"open","sticky":false,"template":"","format":"standard","meta":{"footnotes":""},"categories":[21],"tags":[],"class_list":["post-65796","post","type-post","status-publish","format-standard","hentry","category-cultura"],"_links":{"self":[{"href":"https:\/\/diariodominicano.com\/index.php?rest_route=\/wp\/v2\/posts\/65796","targetHints":{"allow":["GET"]}}],"collection":[{"href":"https:\/\/diariodominicano.com\/index.php?rest_route=\/wp\/v2\/posts"}],"about":[{"href":"https:\/\/diariodominicano.com\/index.php?rest_route=\/wp\/v2\/types\/post"}],"author":[{"embeddable":true,"href":"https:\/\/diariodominicano.com\/index.php?rest_route=\/wp\/v2\/users\/3"}],"replies":[{"embeddable":true,"href":"https:\/\/diariodominicano.com\/index.php?rest_route=%2Fwp%2Fv2%2Fcomments&post=65796"}],"version-history":[{"count":0,"href":"https:\/\/diariodominicano.com\/index.php?rest_route=\/wp\/v2\/posts\/65796\/revisions"}],"wp:attachment":[{"href":"https:\/\/diariodominicano.com\/index.php?rest_route=%2Fwp%2Fv2%2Fmedia&parent=65796"}],"wp:term":[{"taxonomy":"category","embeddable":true,"href":"https:\/\/diariodominicano.com\/index.php?rest_route=%2Fwp%2Fv2%2Fcategories&post=65796"},{"taxonomy":"post_tag","embeddable":true,"href":"https:\/\/diariodominicano.com\/index.php?rest_route=%2Fwp%2Fv2%2Ftags&post=65796"}],"curies":[{"name":"wp","href":"https:\/\/api.w.org\/{rel}","templated":true}]}}