{"id":657955,"date":"2026-01-01T20:34:52","date_gmt":"2026-01-02T00:34:52","guid":{"rendered":"https:\/\/diariodominicano.com\/?p=657955"},"modified":"2026-01-02T00:26:46","modified_gmt":"2026-01-02T04:26:46","slug":"al-menos-3-fallecidos-y-7-desaparecidos-deja-ataque-en-mina-en-el-norte-de-peru","status":"publish","type":"post","link":"https:\/\/diariodominicano.com\/?p=657955","title":{"rendered":"Al menos 3 fallecidos y 7 desaparecidos deja ataque en mina en norte de Per\u00fa"},"content":{"rendered":"\n<p><em>spanish.news.cn<\/em>|<em>\u00a02026-01-02 <\/em>|  <\/p>\n\n\n\n<p>LIMA, 1 ene (Xinhua) &#8212; Al menos tres personas fallecidas y siete desaparecidas dej\u00f3 hasta el momento el ataque ocurrido ayer mi\u00e9rcoles en el socav\u00f3n de una mina informal en la provincia peruana de Pataz, departamento de La Libertad (norte), informaron hoy jueves medios locales de comunicaci\u00f3n.<\/p>\n\n\n\n<p>\u00abPor parte de la Polic\u00eda Nacional del Per\u00fa, hasta medianoche me dijeron que ellos hab\u00edan recibido tres muertos y habr\u00eda siete desaparecidos\u00bb, dijo el alcalde del distrito de Pataz, Aldo Mari\u00f1os, a la radiodifusora local Exitosa, con base en datos preliminares actualizados hasta la medianoche del 31 de diciembre.<\/p>\n\n\n\n<p>El alcalde precis\u00f3 que el n\u00famero de v\u00edctimas mortales a\u00fan se encuentra en proceso de verificaci\u00f3n, por lo que medios locales estiman que podr\u00eda elevarse a 13.<\/p>\n\n\n\n<p>Tras el ataque, ocurrido dentro de la concesi\u00f3n de la minera Grande, Mari\u00f1os hizo un llamado a los ministerios de Energ\u00eda y Minas y del Interior para que investiguen con profundidad este atentado.&nbsp;<\/p>\n\n\n\n<p><a href=\"https:\/\/www.facebook.com\/sharer\/sharer.php?u=https:\/\/spanish.news.cn\/20260102\/0c37791bc10648d08bcbf1b82c185edb\/c.html\" target=\"_blank\" rel=\"noreferrer noopener\"><\/a><\/p>\n\n\n\n<p><\/p>\n","protected":false},"excerpt":{"rendered":"<p>spanish.news.cn|\u00a02026-01-02 | LIMA, 1 ene (Xinhua) &#8212; Al menos tres personas fallecidas y siete desaparecidas dej\u00f3 hasta el momento el ataque ocurrido ayer mi\u00e9rcoles en el socav\u00f3n de una mina informal en la provincia peruana de Pataz, departamento de La Libertad (norte), informaron hoy jueves medios locales de comunicaci\u00f3n. \u00abPor parte de la Polic\u00eda Nacional [&hellip;]<\/p>\n","protected":false},"author":5,"featured_media":657956,"comment_status":"closed","ping_status":"closed","sticky":false,"template":"","format":"standard","meta":{"footnotes":""},"categories":[23,27],"tags":[3572],"class_list":["post-657955","post","type-post","status-publish","format-standard","has-post-thumbnail","hentry","category-internacional","category-portada","tag-peru"],"_links":{"self":[{"href":"https:\/\/diariodominicano.com\/index.php?rest_route=\/wp\/v2\/posts\/657955","targetHints":{"allow":["GET"]}}],"collection":[{"href":"https:\/\/diariodominicano.com\/index.php?rest_route=\/wp\/v2\/posts"}],"about":[{"href":"https:\/\/diariodominicano.com\/index.php?rest_route=\/wp\/v2\/types\/post"}],"author":[{"embeddable":true,"href":"https:\/\/diariodominicano.com\/index.php?rest_route=\/wp\/v2\/users\/5"}],"replies":[{"embeddable":true,"href":"https:\/\/diariodominicano.com\/index.php?rest_route=%2Fwp%2Fv2%2Fcomments&post=657955"}],"version-history":[{"count":2,"href":"https:\/\/diariodominicano.com\/index.php?rest_route=\/wp\/v2\/posts\/657955\/revisions"}],"predecessor-version":[{"id":658023,"href":"https:\/\/diariodominicano.com\/index.php?rest_route=\/wp\/v2\/posts\/657955\/revisions\/658023"}],"wp:featuredmedia":[{"embeddable":true,"href":"https:\/\/diariodominicano.com\/index.php?rest_route=\/wp\/v2\/media\/657956"}],"wp:attachment":[{"href":"https:\/\/diariodominicano.com\/index.php?rest_route=%2Fwp%2Fv2%2Fmedia&parent=657955"}],"wp:term":[{"taxonomy":"category","embeddable":true,"href":"https:\/\/diariodominicano.com\/index.php?rest_route=%2Fwp%2Fv2%2Fcategories&post=657955"},{"taxonomy":"post_tag","embeddable":true,"href":"https:\/\/diariodominicano.com\/index.php?rest_route=%2Fwp%2Fv2%2Ftags&post=657955"}],"curies":[{"name":"wp","href":"https:\/\/api.w.org\/{rel}","templated":true}]}}