{"id":65795,"date":"2012-04-29T19:26:22","date_gmt":"2012-04-29T19:26:22","guid":{"rendered":"http:\/\/diariodominicano.ddns.net\/?p=65795"},"modified":"2012-04-29T19:26:22","modified_gmt":"2012-04-29T19:26:22","slug":"santiago-castro-honrado-con-una-calle-en-feria-del-libro","status":"publish","type":"post","link":"https:\/\/diariodominicano.com\/?p=65795","title":{"rendered":"Santiago Castro honrado con una calle en Feria del Libro"},"content":{"rendered":"<p><body><\/p>\n<p><span class=\"text1noticias\">Santo Domingo RD 29 abril (3:26 pm).- El noveno d\u00eda de la Feria Internacional del Libro se design\u00f3 con el nombre de Santiago Castro Ventura a una de las calles del recinto ferial, en honor al destacado escritor y m\u00e9dico dominicano.<\/span><\/p>\n<\/p>\n<p><span class=\"text1noticias\">Intelectuales, profesionales de la medicina y estudiantes, asistieron esta ma\u00f1ana, al encuentro presidido por el Ministro de Cultura, Jos\u00e9 Rafael Lantigua, quien al hablar sobre el homenajeado resalt\u00f3 su calidad como escritor y valor como ser humano.<\/span><\/p>\n<\/p>\n<p><span class=\"text1noticias\">\u00abHoy nos toca honrar al doctor Santiago Castro Ventura, y lo primero que hay que resaltar es la importancia de los profesionales de la medicina en la literatura dominicana\u00bb, dijo Lantiagua.<\/span><\/p>\n<\/p>\n<p><span class=\"text1noticias\">Y expres\u00f3: \u00abHay toda una amplia historia que se puede comparar con otros sectores profesionales, de los profesionales de la medicina que han incursionado e incursionan en la pr\u00e1ctica de la literatura, algunos de ellos, como el caso del gran poeta doctor Mariano Lebr\u00f3n Savi\u00f1\u00f3n, han llegado a obtener el lauro mayor de las letras nacionales como es el Premio Nacional de Literatura, por la obra de toda una vida\u00bb.<\/span><\/p>\n<\/p>\n<p><span class=\"text1noticias\">Castro Ventura es uno de los m\u00e9dicos escritores m\u00e1s destacados, tiene un grupo amplio de libros donde manifiesta su inter\u00e9s, su inteligencia, su perspicacia anal\u00edtica en el enfoque, sobre todo, de personajes importantes de la historia de la Rep\u00fablica Dominicana, manifest\u00f3 el Ministro de Cultura.<\/span><\/p>\n<\/p>\n<p><span class=\"text1noticias\">\u00abCreo y deseo reafirmar que Santiago Castro Ventura no s\u00f3lo es un m\u00e9dico mas, que hace literatura, es un escritor que ha realizado aportes importantes en la apreciaci\u00f3n y juicios de momentos relevantes de la historia nacional y de personajes ilustres de la vida dominicana haciendo enfoques que no han sido hechos por otros autores nacionales. Por lo tanto, la entrega de este reconocimiento en la Feria del Libro no es un caso fortuito, es la acci\u00f3n de un hombre que se hace merecedor de este reconocimiento por los aportes que ha hecho a la literatura dominicana\u00bb, concluy\u00f3 Lantigua.<\/span><\/p>\n<\/p>\n<p><span class=\"text1noticias\">Al agradecer por la distinci\u00f3n, el m\u00e9dico y escritor Santiago Castro Ventura, expres\u00f3 que no cree tener los m\u00e9ritos suficientes para merecer esta distinci\u00f3n. \u00abSencillamente, lo que hago es  recoger y tratar de plasmar las inquietudes sociales en los libros que publico sobre nuestra tem\u00e1tica hist\u00f3rica\u00bb.AD<\/span>.<\/p>\n<h6> 2012-04-29 19:26:22 <\/h6>\n<p><!--\n<link rel=\"stylesheet\" href=\"css\/bootstrap.min.css\">\n\n\n<ul class=\"pagination\">\n\t    \n\t\n\n<li >\n\t<a href='?page_no=17472'>Previous<\/a>\n\t<\/li>\n\n\n       \n    \n\n<li><a href='?page_no=1'>1<\/a><\/li>\n\n\n\n<li><a href='?page_no=2'>2<\/a><\/li>\n\n\n\n<li><a>...<\/a><\/li>\n\n\n\n<li><a href='?page_no=17471'>17471<\/a><\/li>\n\n\n\n<li><a href='?page_no=17472'>17472<\/a><\/li>\n\n\n\n<li class='active'><a>17473<\/a><\/li>\n\n\n\n<li><a href='?page_no=17474'>17474<\/a><\/li>\n\n\n\n<li><a href='?page_no=17475'>17475<\/a><\/li>\n\n\n\n<li><a>...<\/a><\/li>\n\n\n\n<li><a href='?page_no=22911'>22911<\/a><\/li>\n\n\n\n<li><a href='?page_no=22912'>22912<\/a><\/li>\n\n    \n\t\n\n<li >\n\t<a href='?page_no=17474'>Next<\/a>\n\t<\/li>\n\n\n    \n\n<li><a href='?page_no=22912'>Last &rsaquo;&rsaquo;<\/a><\/li>\n\n<\/ul>\n\n\n--><br \/>\n<\/body><\/p>\n","protected":false},"excerpt":{"rendered":"<p>Santo Domingo RD 29 abril (3:26 pm).- El noveno d\u00eda de la Feria Internacional del Libro se design\u00f3 con el nombre de Santiago Castro Ventura a una de las calles del recinto ferial, en honor al destacado escritor y m\u00e9dico dominicano. Intelectuales, profesionales de la medicina y estudiantes, asistieron esta ma\u00f1ana, al encuentro presidido por [&hellip;]<\/p>\n","protected":false},"author":3,"featured_media":0,"comment_status":"open","ping_status":"open","sticky":false,"template":"","format":"standard","meta":{"footnotes":""},"categories":[21],"tags":[],"class_list":["post-65795","post","type-post","status-publish","format-standard","hentry","category-cultura"],"_links":{"self":[{"href":"https:\/\/diariodominicano.com\/index.php?rest_route=\/wp\/v2\/posts\/65795","targetHints":{"allow":["GET"]}}],"collection":[{"href":"https:\/\/diariodominicano.com\/index.php?rest_route=\/wp\/v2\/posts"}],"about":[{"href":"https:\/\/diariodominicano.com\/index.php?rest_route=\/wp\/v2\/types\/post"}],"author":[{"embeddable":true,"href":"https:\/\/diariodominicano.com\/index.php?rest_route=\/wp\/v2\/users\/3"}],"replies":[{"embeddable":true,"href":"https:\/\/diariodominicano.com\/index.php?rest_route=%2Fwp%2Fv2%2Fcomments&post=65795"}],"version-history":[{"count":0,"href":"https:\/\/diariodominicano.com\/index.php?rest_route=\/wp\/v2\/posts\/65795\/revisions"}],"wp:attachment":[{"href":"https:\/\/diariodominicano.com\/index.php?rest_route=%2Fwp%2Fv2%2Fmedia&parent=65795"}],"wp:term":[{"taxonomy":"category","embeddable":true,"href":"https:\/\/diariodominicano.com\/index.php?rest_route=%2Fwp%2Fv2%2Fcategories&post=65795"},{"taxonomy":"post_tag","embeddable":true,"href":"https:\/\/diariodominicano.com\/index.php?rest_route=%2Fwp%2Fv2%2Ftags&post=65795"}],"curies":[{"name":"wp","href":"https:\/\/api.w.org\/{rel}","templated":true}]}}