{"id":65794,"date":"2012-04-30T11:53:06","date_gmt":"2012-04-30T11:53:06","guid":{"rendered":"http:\/\/diariodominicano.ddns.net\/?p=65794"},"modified":"2012-04-30T11:53:06","modified_gmt":"2012-04-30T11:53:06","slug":"el-inmortal-del-deporte-cuqui-cordova-tiene-su-calle-en-la-xv-fil","status":"publish","type":"post","link":"https:\/\/diariodominicano.com\/?p=65794","title":{"rendered":"El inmortal del deporte, Cuqui C\u00f3rdova tiene su calle en la XV FIL"},"content":{"rendered":"<p><body><\/p>\n<p><span class=\"text1noticias\">Santo Domingo RD 30 abril (7:49 am).- Desde ayer una calle dentro de la Plaza de la Cultura Juan Pablo Duarte tiene el nombre del escritor de cr\u00f3nicas deportiva, Emilio C\u00f3rdova (Cuqui), en reconocimiento a su amplia y fruct\u00edfera labor literaria y como parte de las actividades de la XV Feria Internacional del Libro.<\/span><\/p>\n<\/p>\n<p><span class=\"text1noticias\">El inmortal del deporte, de 82 a\u00f1os de edad, y con evidente emoci\u00f3n, recibi\u00f3 el reconocimiento de parte del Ministro de Cultura, Jos\u00e9 Rafael Lantigua; del director de la Feria, Alejandro Arvelo, y en compa\u00f1\u00eda de su esposa, Mercedes Roca de C\u00f3rdova. Previo a la designaci\u00f3n de la calle, ubicada frente al Museo Nacional de Geograf\u00eda, el ministro de Cultura expres\u00f3 que el deporte es una pasi\u00f3n que se vive igual que la literatura, que posee gran importancia en el pa\u00eds, en todos los idiomas y en todas las latitudes.<\/span><\/p>\n<\/p>\n<p><span class=\"text1noticias\">La estudiante de la Universidad Aut\u00f3noma de Santo Domingo (UASD) y del Taller de Sistema Literarios, Yenny Roveliza, ley\u00f3 la semblanza de C\u00f3rdova, quien en su trayectoria ha escrito 18 obras y recibido numerosos reconocimientos, como lo es la Orden al M\u00e9rito de Duarte, S\u00e1nchez y Mella y el Micr\u00f3fono de Oro.<\/span><\/p>\n<\/p>\n<p><span class=\"text1noticias\">Mientras se le rend\u00eda el homenaje al escritor, al lado, estudiantes de pintura de la escuela de Bellas Artes pintaban en un lienzo blanco su rostro.<\/span><\/p>\n<\/p>\n<p><span class=\"text1noticias\">Al final, C\u00f3rdova, quien a\u00fan trabaja en la radio, televisi\u00f3n y escribe una columna, \u00aben maquinilla\u00bb que publica en el peri\u00f3dico List\u00edn Diario, agradeci\u00f3 la distinci\u00f3n que durar\u00e1 durante un a\u00f1o, hasta que se realice la pr\u00f3xima feria.<\/span><\/p>\n<\/p>\n<p><span class=\"text1noticias\">El d\u00eda de Giovanny<\/span><\/p>\n<\/p>\n<p><span class=\"text1noticias\">La Feria del Libro dedica hoy una calle al dramaturgo Giovanny Cruz, quien anticipa que agradecer\u00e1 la distinci\u00f3n mientras vida tenga.<\/span><\/p>\n<\/p>\n<p><span class=\"text1noticias\">La actividad est\u00e1 programada para las 10:00 am y estar\u00e1 encabezada por el ministro de Cultura, el director de la feria, y el director ejecutivo de la feria, Pedro Antonio Valdez.AD.<\/span>&#8211;<\/p>\n<\/p>\n<h6> 2012-04-30 11:53:06 <\/h6>\n<p><!--\n<link rel=\"stylesheet\" href=\"css\/bootstrap.min.css\">\n\n\n<ul class=\"pagination\">\n\t    \n\t\n\n<li >\n\t<a href='?page_no=17471'>Previous<\/a>\n\t<\/li>\n\n\n       \n    \n\n<li><a href='?page_no=1'>1<\/a><\/li>\n\n\n\n<li><a href='?page_no=2'>2<\/a><\/li>\n\n\n\n<li><a>...<\/a><\/li>\n\n\n\n<li><a href='?page_no=17470'>17470<\/a><\/li>\n\n\n\n<li><a href='?page_no=17471'>17471<\/a><\/li>\n\n\n\n<li class='active'><a>17472<\/a><\/li>\n\n\n\n<li><a href='?page_no=17473'>17473<\/a><\/li>\n\n\n\n<li><a href='?page_no=17474'>17474<\/a><\/li>\n\n\n\n<li><a>...<\/a><\/li>\n\n\n\n<li><a href='?page_no=22911'>22911<\/a><\/li>\n\n\n\n<li><a href='?page_no=22912'>22912<\/a><\/li>\n\n    \n\t\n\n<li >\n\t<a href='?page_no=17473'>Next<\/a>\n\t<\/li>\n\n\n    \n\n<li><a href='?page_no=22912'>Last &rsaquo;&rsaquo;<\/a><\/li>\n\n<\/ul>\n\n\n--><br \/>\n<\/body><\/p>\n","protected":false},"excerpt":{"rendered":"<p>Santo Domingo RD 30 abril (7:49 am).- Desde ayer una calle dentro de la Plaza de la Cultura Juan Pablo Duarte tiene el nombre del escritor de cr\u00f3nicas deportiva, Emilio C\u00f3rdova (Cuqui), en reconocimiento a su amplia y fruct\u00edfera labor literaria y como parte de las actividades de la XV Feria Internacional del Libro. El [&hellip;]<\/p>\n","protected":false},"author":3,"featured_media":0,"comment_status":"open","ping_status":"open","sticky":false,"template":"","format":"standard","meta":{"footnotes":""},"categories":[21],"tags":[],"class_list":["post-65794","post","type-post","status-publish","format-standard","hentry","category-cultura"],"_links":{"self":[{"href":"https:\/\/diariodominicano.com\/index.php?rest_route=\/wp\/v2\/posts\/65794","targetHints":{"allow":["GET"]}}],"collection":[{"href":"https:\/\/diariodominicano.com\/index.php?rest_route=\/wp\/v2\/posts"}],"about":[{"href":"https:\/\/diariodominicano.com\/index.php?rest_route=\/wp\/v2\/types\/post"}],"author":[{"embeddable":true,"href":"https:\/\/diariodominicano.com\/index.php?rest_route=\/wp\/v2\/users\/3"}],"replies":[{"embeddable":true,"href":"https:\/\/diariodominicano.com\/index.php?rest_route=%2Fwp%2Fv2%2Fcomments&post=65794"}],"version-history":[{"count":0,"href":"https:\/\/diariodominicano.com\/index.php?rest_route=\/wp\/v2\/posts\/65794\/revisions"}],"wp:attachment":[{"href":"https:\/\/diariodominicano.com\/index.php?rest_route=%2Fwp%2Fv2%2Fmedia&parent=65794"}],"wp:term":[{"taxonomy":"category","embeddable":true,"href":"https:\/\/diariodominicano.com\/index.php?rest_route=%2Fwp%2Fv2%2Fcategories&post=65794"},{"taxonomy":"post_tag","embeddable":true,"href":"https:\/\/diariodominicano.com\/index.php?rest_route=%2Fwp%2Fv2%2Ftags&post=65794"}],"curies":[{"name":"wp","href":"https:\/\/api.w.org\/{rel}","templated":true}]}}