{"id":657936,"date":"2026-01-01T11:04:30","date_gmt":"2026-01-01T15:04:30","guid":{"rendered":"https:\/\/diariodominicano.com\/?p=657936"},"modified":"2026-01-02T00:44:30","modified_gmt":"2026-01-02T04:44:30","slug":"xi-felicita-a-guy-parmelin-por-asumir-la-presidencia-suiza","status":"publish","type":"post","link":"https:\/\/diariodominicano.com\/?p=657936","title":{"rendered":"Xi felicita a Guy Parmelin por asumir la presidencia suiza"},"content":{"rendered":"\n<p><em>spanish.news.cn<\/em>|<em>&nbsp;2026-01-01 15:13:45<\/em>|<\/p>\n\n\n\n<p>BEIJING, 1 ene (Xinhua) &#8212; El presidente chino, Xi Jinping, envi\u00f3 hoy jueves un mensaje de felicitaci\u00f3n a Guy Parmelin por su toma de posesi\u00f3n como presidente de la Confederaci\u00f3n Suiza.<\/p>\n\n\n\n<p>Xi record\u00f3 que en 2017, durante su visita de Estado a Suiza, los dos pa\u00edses anunciaron iniciar un estudio conjunto sobre la actualizaci\u00f3n de su tratado de libre comercio (TLC). Bajo el impulso del presidente Parmelin, continu\u00f3, las negociaciones al respecto han avanzado de forma positiva.<\/p>\n\n\n\n<p>Seg\u00fan afirm\u00f3 Xi, actualmente, en un contexto del creciente unilateralismo y proteccionismo, los esfuerzos conjuntos de China y Suiza para apoyar el libre comercio constituyen un reflejo vivo del desarrollo de alto nivel de sus relaciones, lo que aporta mayor certidumbre y estabilidad al desarrollo y la prosperidad globales.<\/p>\n\n\n\n<p>Xi subray\u00f3 que se celebrar\u00e1 el d\u00e9cimo aniversario de la asociaci\u00f3n estrat\u00e9gica innovadora China-Suiza en 2026, a\u00f1o que tambi\u00e9n es el primero del XV Plan Quinquenal de China, lo que presenta amplias oportunidades para la cooperaci\u00f3n innovadora entre ambos pa\u00edses.<\/p>\n\n\n\n<p>Destac\u00f3 la gran importancia que concede al desarrollo de las relaciones bilaterales y expres\u00f3 su disposici\u00f3n a trabajar con el presidente Parmelin para continuar expandiendo la cooperaci\u00f3n de ganancias compartidas y elevar los nexos chino-suizos a nuevas alturas en beneficio de los dos pueblos.&nbsp;<\/p>\n\n\n\n<p><a href=\"https:\/\/www.facebook.com\/sharer\/sharer.php?u=https:\/\/spanish.xinhuanet.com\/20260101\/077476be26684a0f83c05d00cff0ce22\/c.html\" target=\"_blank\" rel=\"noreferrer noopener\"><\/a>&nbsp;<a href=\"https:\/\/twitter.com\/intent\/tweet?text=%0A%20%20%20%20%20%20%20%20%20%20%20%20%20%20%20%20%20%20%20%20Xi%20felicita%20a%20Guy%20Parmelin%20por%20asumir%20la%20presidencia%20suiza%0A%20%20%20%20%20%20%20%20%20%20%20%20%20%20%20%20&amp;url=https:\/\/spanish.xinhuanet.com\/20260101\/077476be26684a0f83c05d00cff0ce22\/c.html\" target=\"_blank\" rel=\"noreferrer noopener\"><\/a>&nbsp;<a target=\"_blank\" href=\"https:\/\/service.weibo.com\/share\/share.php?title=%0A%20%20%20%20%20%20%20%20%20%20%20%20%20%20%20%20%20%20%20%20Xi%20felicita%20a%20Guy%20Parmelin%20por%20asumir%20la%20presidencia%20suiza%0A%20%20%20%20%20%20%20%20%20%20%20%20%20%20%20%20&amp;url=https:\/\/spanish.xinhuanet.com\/20260101\/077476be26684a0f83c05d00cff0ce22\/c.html\" rel=\"noreferrer noopener\"><\/a>&nbsp;<a><\/a><\/p>\n\n\n\n<figure class=\"wp-block-image\"><img decoding=\"async\" src=\"https:\/\/imgs.news.cn\/res\/xhwimg\/spanish\/20170522\/img\/jc-xfa.png\" alt=\"\"\/><\/figure>\n\n\n\n<figure class=\"wp-block-table\"><table class=\"has-fixed-layout\"><tbody><tr><td><\/td><\/tr><\/tbody><\/table><\/figure>\n","protected":false},"excerpt":{"rendered":"<p>spanish.news.cn|&nbsp;2026-01-01 15:13:45| BEIJING, 1 ene (Xinhua) &#8212; El presidente chino, Xi Jinping, envi\u00f3 hoy jueves un mensaje de felicitaci\u00f3n a Guy Parmelin por su toma de posesi\u00f3n como presidente de la Confederaci\u00f3n Suiza. Xi record\u00f3 que en 2017, durante su visita de Estado a Suiza, los dos pa\u00edses anunciaron iniciar un estudio conjunto sobre la [&hellip;]<\/p>\n","protected":false},"author":2,"featured_media":407467,"comment_status":"closed","ping_status":"closed","sticky":false,"template":"","format":"standard","meta":{"footnotes":""},"categories":[27],"tags":[1601,576],"class_list":["post-657936","post","type-post","status-publish","format-standard","has-post-thumbnail","hentry","category-portada","tag-suiza","tag-xi-jinping"],"_links":{"self":[{"href":"https:\/\/diariodominicano.com\/index.php?rest_route=\/wp\/v2\/posts\/657936","targetHints":{"allow":["GET"]}}],"collection":[{"href":"https:\/\/diariodominicano.com\/index.php?rest_route=\/wp\/v2\/posts"}],"about":[{"href":"https:\/\/diariodominicano.com\/index.php?rest_route=\/wp\/v2\/types\/post"}],"author":[{"embeddable":true,"href":"https:\/\/diariodominicano.com\/index.php?rest_route=\/wp\/v2\/users\/2"}],"replies":[{"embeddable":true,"href":"https:\/\/diariodominicano.com\/index.php?rest_route=%2Fwp%2Fv2%2Fcomments&post=657936"}],"version-history":[{"count":3,"href":"https:\/\/diariodominicano.com\/index.php?rest_route=\/wp\/v2\/posts\/657936\/revisions"}],"predecessor-version":[{"id":657947,"href":"https:\/\/diariodominicano.com\/index.php?rest_route=\/wp\/v2\/posts\/657936\/revisions\/657947"}],"wp:featuredmedia":[{"embeddable":true,"href":"https:\/\/diariodominicano.com\/index.php?rest_route=\/wp\/v2\/media\/407467"}],"wp:attachment":[{"href":"https:\/\/diariodominicano.com\/index.php?rest_route=%2Fwp%2Fv2%2Fmedia&parent=657936"}],"wp:term":[{"taxonomy":"category","embeddable":true,"href":"https:\/\/diariodominicano.com\/index.php?rest_route=%2Fwp%2Fv2%2Fcategories&post=657936"},{"taxonomy":"post_tag","embeddable":true,"href":"https:\/\/diariodominicano.com\/index.php?rest_route=%2Fwp%2Fv2%2Ftags&post=657936"}],"curies":[{"name":"wp","href":"https:\/\/api.w.org\/{rel}","templated":true}]}}