{"id":657931,"date":"2026-01-01T10:56:33","date_gmt":"2026-01-01T14:56:33","guid":{"rendered":"https:\/\/diariodominicano.com\/?p=657931"},"modified":"2026-01-02T00:19:11","modified_gmt":"2026-01-02T04:19:11","slug":"niegan-en-brasil-solicitud-de-arresto-domiciliario-para-bolsonaro","status":"publish","type":"post","link":"https:\/\/diariodominicano.com\/?p=657931","title":{"rendered":"Niegan en Brasil solicitud de arresto domiciliario para Bolsonaro"},"content":{"rendered":"\n<p>Brasilia, 1 ene (Prensa Latina) El juez Alexandre de Moraes, del Supremo Tribunal Federal de Brasil, rechaz\u00f3 hoy una solicitud de la defensa del expresidente Jair Bolsonaro para obtener arresto domiciliario por razones humanitarias antes de su alta hospitalaria.<\/p>\n\n\n\n<p><a href=\"https:\/\/www.prensa-latina.cu\/2026\/01\/01\/\"><time>enero 1, 2026 | 09:16<\/time><\/a> <\/p>\n\n\n\n<p>Tal decisi\u00f3n mantiene a Bolsonario, quien purga una condena de 27 a\u00f1os y tres meses de c\u00e1rcel por tentativa golpista, bajo custodia de la Polic\u00eda Federal (PF) en Brasilia.<\/p>\n\n\n\n<p>En su fallo, De Moraes argument\u00f3 que no se presentaron nuevos hechos que justificaran la concesi\u00f3n de la reclusi\u00f3n en casa en relaci\u00f3n con solicitudes anteriores ya rechazadas.<\/p>\n\n\n\n<p>Tambi\u00e9n el juez enfatiz\u00f3 que el estado cl\u00ednico del exjefe del Ejecutivo mejor\u00f3 tras recientes intervenciones m\u00e9dicas, incluyendo cirug\u00edas, lo que, seg\u00fan la defensa, no elimina la necesidad de cuidados especiales.<\/p>\n\n\n\n<p>El staff jur\u00eddico argument\u00f3 que el estado de salud de Bolsonaro podr\u00eda verse agravado por el cumplimiento de una pena de prisi\u00f3n cerrada.<\/p>\n\n\n\n<p>Los abogados citaron que la misma medida se le concedi\u00f3 al expresidente Fernando Collor y que su estado postoperatorio requiere cuidados especiales.<\/p>\n\n\n\n<p>Seg\u00fan el laudo del ministro, la defensa no present\u00f3 nuevos hechos que justificaran el encierro domiciliario respecto a la solicitud previa ya presentada y denegada.<\/p>\n\n\n\n<p>\u00abNo se observ\u00f3 un empeoramiento del estado de salud de Jair Messias Bolsonaro, sino m\u00e1s bien una mejor\u00eda en las molestias que sent\u00eda tras someterse a cirug\u00edas electivas, como se indica en el informe de sus propios m\u00e9dicos\u00bb, indica De Moraes.<\/p>\n\n\n\n<p>Desde el 22 de noviembre, Bolsonaro cumple su larga prisi\u00f3n en la sede capitalina de la Superintendencia de la PF por su participaci\u00f3n en un intento de golpe de Estado para intentar revertir los resultados de las elecciones de 2022.<\/p>\n\n\n\n<p>Tras recibir el alta hospitalaria en el centro m\u00e9dico privado DF Star, en Brasilia, se espera que el pol\u00edtico ultraderechista regrese a la c\u00e1rcel.<\/p>\n\n\n\n<p>Bolsonaro sigue siendo una figura central para la derecha brasile\u00f1a. La condici\u00f3n f\u00edsica incide en la din\u00e1mica interna de ese campo pol\u00edtico.<\/p>\n\n\n\n<p>De acuerdo con analistas, su liderazgo personalista resulta decisivo para mantener cohesionada a la base bolsonarista (adeptos del expresidente).<\/p>\n\n\n\n<p>Figuras como sus hijos y dirigentes de la ultraderecha intentan ocupar el vac\u00edo, pero la ausencia del propio Bolsonaro altera la narrativa y la movilizaci\u00f3n de su electorado.<\/p>\n\n\n\n<p>En el horizonte aparece adem\u00e1s la campa\u00f1a para las justas comiciales del pr\u00f3ximo a\u00f1o. El estado de salud del exjefe de Estado ser\u00e1 un factor de c\u00e1lculo pol\u00edtico.<\/p>\n\n\n\n<p>La derecha tradicional podr\u00eda intentar recuperar protagonismo en un escenario de dispersi\u00f3n.<\/p>\n\n\n\n<p>ro\/ocs<\/p>\n\n\n\n<ul class=\"wp-block-list\">\n<li>#<a href=\"https:\/\/www.prensa-latina.cu\/etiqueta\/arrestodomiciliario\/\">arrestodomiciliario<\/a>&nbsp;#<a href=\"https:\/\/www.prensa-latina.cu\/etiqueta\/bolsonaro\/\">bolsonaro<\/a>&nbsp;#<a href=\"https:\/\/www.prensa-latina.cu\/etiqueta\/brasil\/\">brasil<\/a>&nbsp;#<a href=\"https:\/\/www.prensa-latina.cu\/etiqueta\/preso\/\">preso<\/a>&nbsp;#<a href=\"https:\/\/www.prensa-latina.cu\/etiqueta\/rechazo\/\">rechazo<\/a>&nbsp;#<a href=\"https:\/\/www.prensa-latina.cu\/etiqueta\/solicitud\/\">solicitud<\/a>&nbsp;#<a href=\"https:\/\/www.prensa-latina.cu\/etiqueta\/supremo\/\">supremo<\/a>&nbsp;#<a href=\"https:\/\/www.prensa-latina.cu\/etiqueta\/tentativagolpista\/\">tentativagolpista<\/a><\/li>\n<\/ul>\n","protected":false},"excerpt":{"rendered":"<p>Brasilia, 1 ene (Prensa Latina) El juez Alexandre de Moraes, del Supremo Tribunal Federal de Brasil, rechaz\u00f3 hoy una solicitud de la defensa del expresidente Jair Bolsonaro para obtener arresto domiciliario por razones humanitarias antes de su alta hospitalaria. enero 1, 2026 | 09:16 Tal decisi\u00f3n mantiene a Bolsonario, quien purga una condena de 27 [&hellip;]<\/p>\n","protected":false},"author":2,"featured_media":650712,"comment_status":"closed","ping_status":"closed","sticky":false,"template":"","format":"standard","meta":{"footnotes":""},"categories":[23,24,29],"tags":[2998],"class_list":["post-657931","post","type-post","status-publish","format-standard","has-post-thumbnail","hentry","category-internacional","category-justicia-y-derecho","category-policiasucesos","tag-brasil"],"_links":{"self":[{"href":"https:\/\/diariodominicano.com\/index.php?rest_route=\/wp\/v2\/posts\/657931","targetHints":{"allow":["GET"]}}],"collection":[{"href":"https:\/\/diariodominicano.com\/index.php?rest_route=\/wp\/v2\/posts"}],"about":[{"href":"https:\/\/diariodominicano.com\/index.php?rest_route=\/wp\/v2\/types\/post"}],"author":[{"embeddable":true,"href":"https:\/\/diariodominicano.com\/index.php?rest_route=\/wp\/v2\/users\/2"}],"replies":[{"embeddable":true,"href":"https:\/\/diariodominicano.com\/index.php?rest_route=%2Fwp%2Fv2%2Fcomments&post=657931"}],"version-history":[{"count":3,"href":"https:\/\/diariodominicano.com\/index.php?rest_route=\/wp\/v2\/posts\/657931\/revisions"}],"predecessor-version":[{"id":658014,"href":"https:\/\/diariodominicano.com\/index.php?rest_route=\/wp\/v2\/posts\/657931\/revisions\/658014"}],"wp:featuredmedia":[{"embeddable":true,"href":"https:\/\/diariodominicano.com\/index.php?rest_route=\/wp\/v2\/media\/650712"}],"wp:attachment":[{"href":"https:\/\/diariodominicano.com\/index.php?rest_route=%2Fwp%2Fv2%2Fmedia&parent=657931"}],"wp:term":[{"taxonomy":"category","embeddable":true,"href":"https:\/\/diariodominicano.com\/index.php?rest_route=%2Fwp%2Fv2%2Fcategories&post=657931"},{"taxonomy":"post_tag","embeddable":true,"href":"https:\/\/diariodominicano.com\/index.php?rest_route=%2Fwp%2Fv2%2Ftags&post=657931"}],"curies":[{"name":"wp","href":"https:\/\/api.w.org\/{rel}","templated":true}]}}