{"id":65793,"date":"2012-04-30T12:40:21","date_gmt":"2012-04-30T12:40:21","guid":{"rendered":"http:\/\/diariodominicano.ddns.net\/?p=65793"},"modified":"2012-04-30T12:40:21","modified_gmt":"2012-04-30T12:40:21","slug":"escritores-espanoles-y-venezolanos-hablan-sobre-la-novela-negra","status":"publish","type":"post","link":"https:\/\/diariodominicano.com\/?p=65793","title":{"rendered":"Escritores espa\u00f1oles y venezolanos hablan sobre la novela negra"},"content":{"rendered":"<p><body><\/p>\n<p><span class=\"text1noticias\">Caracas, Venezuela 30 abril (8:38 am).-Escritores venezolanos y espa\u00f1oles se dar\u00e1n cita, desde ma\u00f1ana, en Caracas para analizar la vitalidad de la novela negra iberoamericana. <\/span><\/p>\n<\/p>\n<p><span class=\"text1noticias\">El g\u00e9nero, que ha generado gran inter\u00e9s en tierras n\u00f3rdicas, ser\u00e1 discutido en el ciclo Literatura en E\u00f1e, que por segundo a\u00f1o consecutivo realiza la Oficina Cultural de la Embajada de Espa\u00f1a en Venezuela gracias al Festival de Lectura de Chacao. <\/span><\/p>\n<p><span class=\"text1noticias\"> <\/span><\/p>\n<p><span class=\"text1noticias\">El evento Negro que te quiero negro est\u00e1 dividido en tres bloques de actividades que contar\u00e1 con el escritor espa\u00f1ol Lorenzo Silva y de los dramaturgos y escritores Marc Caellas e Ignasi Duarte. Todo bajo la coordinaci\u00f3n de los venezolanos Eloi Yag\u00fce y Jos\u00e9 Manuel Pel\u00e1ez. <\/span><\/p>\n<p><span class=\"text1noticias\"> <\/span><\/p>\n<p><span class=\"text1noticias\">\u00abHemos querido colaborar con la Feria del Libro de Chacao, como todos los a\u00f1os\u00bb, asegura Luc\u00eda Chicote, Consejera de Cultura de la Embajada de Espa\u00f1a. \u00abPretendemos presentar un panorama en torno al acto de leer. Pero centrado en el idioma que compartimos. La novela negra, adem\u00e1s de ser un g\u00e9nero muy rico, permite la denuncia social. A trav\u00e9s de ella los escritores han puesto el dedo en la llaga sobre la realidad social\u00bb, asegura Chicote. <\/span><\/p>\n<p><span class=\"text1noticias\"> <\/span><\/p>\n<p><span class=\"text1noticias\">Para el ma\u00f1ana, a las 6:00 p.m. en el Sal\u00f3n Obelisco de Plaza Altamira, se realizar\u00e1 el conversatorio Nuevos caminos de la novela negra. Ah\u00ed participar\u00e1n Lorenzo Silva, Alberto Barrera Tyszka, Marcos Tarre y Eloi Yag\u00fce. El domingo, a la misma hora, en el Sal\u00f3n Obelisco, M\u00f3nica Monta\u00f1\u00e9s y Ana Teresa Torres hablar\u00e1n sobre Mujeres y crimen. <\/span><\/p>\n<p><span class=\"text1noticias\"> <\/span><\/p>\n<p><span class=\"text1noticias\">Mientras que el jueves 3 y el viernes 4 de mayo, en la Sala Cabrujas de Los Palos Grandes, se realizar\u00e1 el ciclo de Conversaciones ficticias coordinado por el escritor Ignasi Duarte. All\u00ed escritores como Victoria de Stefano y Alberto Barrera Tyszka tendr\u00e1n una conversaci\u00f3n directa entre ellos y sus obras. <\/span><\/p>\n<p><span class=\"text1noticias\"> <\/span><\/p>\n<p><span class=\"text1noticias\">Literatura en E\u00f1e cerrar\u00e1 el s\u00e1bado 6 de mayo a las 6:30 p.m. en el Anfiteatro Sur de Altamira, con Conferencia Final, una obra de teatro del escritor espa\u00f1ol Marc Caellas. Todas las actividades son gratuitas. AD<\/span>.<\/p>\n<\/p>\n<h6> 2012-04-30 12:40:21 <\/h6>\n<p><!--\n<link rel=\"stylesheet\" href=\"css\/bootstrap.min.css\">\n\n\n<ul class=\"pagination\">\n\t    \n\t\n\n<li >\n\t<a href='?page_no=17470'>Previous<\/a>\n\t<\/li>\n\n\n       \n    \n\n<li><a href='?page_no=1'>1<\/a><\/li>\n\n\n\n<li><a href='?page_no=2'>2<\/a><\/li>\n\n\n\n<li><a>...<\/a><\/li>\n\n\n\n<li><a href='?page_no=17469'>17469<\/a><\/li>\n\n\n\n<li><a href='?page_no=17470'>17470<\/a><\/li>\n\n\n\n<li class='active'><a>17471<\/a><\/li>\n\n\n\n<li><a href='?page_no=17472'>17472<\/a><\/li>\n\n\n\n<li><a href='?page_no=17473'>17473<\/a><\/li>\n\n\n\n<li><a>...<\/a><\/li>\n\n\n\n<li><a href='?page_no=22911'>22911<\/a><\/li>\n\n\n\n<li><a href='?page_no=22912'>22912<\/a><\/li>\n\n    \n\t\n\n<li >\n\t<a href='?page_no=17472'>Next<\/a>\n\t<\/li>\n\n\n    \n\n<li><a href='?page_no=22912'>Last &rsaquo;&rsaquo;<\/a><\/li>\n\n<\/ul>\n\n\n--><br \/>\n<\/body><\/p>\n","protected":false},"excerpt":{"rendered":"<p>Caracas, Venezuela 30 abril (8:38 am).-Escritores venezolanos y espa\u00f1oles se dar\u00e1n cita, desde ma\u00f1ana, en Caracas para analizar la vitalidad de la novela negra iberoamericana. El g\u00e9nero, que ha generado gran inter\u00e9s en tierras n\u00f3rdicas, ser\u00e1 discutido en el ciclo Literatura en E\u00f1e, que por segundo a\u00f1o consecutivo realiza la Oficina Cultural de la Embajada [&hellip;]<\/p>\n","protected":false},"author":3,"featured_media":0,"comment_status":"open","ping_status":"open","sticky":false,"template":"","format":"standard","meta":{"footnotes":""},"categories":[21],"tags":[],"class_list":["post-65793","post","type-post","status-publish","format-standard","hentry","category-cultura"],"_links":{"self":[{"href":"https:\/\/diariodominicano.com\/index.php?rest_route=\/wp\/v2\/posts\/65793","targetHints":{"allow":["GET"]}}],"collection":[{"href":"https:\/\/diariodominicano.com\/index.php?rest_route=\/wp\/v2\/posts"}],"about":[{"href":"https:\/\/diariodominicano.com\/index.php?rest_route=\/wp\/v2\/types\/post"}],"author":[{"embeddable":true,"href":"https:\/\/diariodominicano.com\/index.php?rest_route=\/wp\/v2\/users\/3"}],"replies":[{"embeddable":true,"href":"https:\/\/diariodominicano.com\/index.php?rest_route=%2Fwp%2Fv2%2Fcomments&post=65793"}],"version-history":[{"count":0,"href":"https:\/\/diariodominicano.com\/index.php?rest_route=\/wp\/v2\/posts\/65793\/revisions"}],"wp:attachment":[{"href":"https:\/\/diariodominicano.com\/index.php?rest_route=%2Fwp%2Fv2%2Fmedia&parent=65793"}],"wp:term":[{"taxonomy":"category","embeddable":true,"href":"https:\/\/diariodominicano.com\/index.php?rest_route=%2Fwp%2Fv2%2Fcategories&post=65793"},{"taxonomy":"post_tag","embeddable":true,"href":"https:\/\/diariodominicano.com\/index.php?rest_route=%2Fwp%2Fv2%2Ftags&post=65793"}],"curies":[{"name":"wp","href":"https:\/\/api.w.org\/{rel}","templated":true}]}}