{"id":65791,"date":"2012-04-30T15:42:47","date_gmt":"2012-04-30T15:42:47","guid":{"rendered":"http:\/\/diariodominicano.ddns.net\/?p=65791"},"modified":"2012-04-30T15:42:47","modified_gmt":"2012-04-30T15:42:47","slug":"interesante-el-programa-de-hoy-lunes-30-en-la-feria-del-libro","status":"publish","type":"post","link":"https:\/\/diariodominicano.com\/?p=65791","title":{"rendered":"Interesante el programa de hoy lunes 30 en la Feria del Libro"},"content":{"rendered":"<p><body><\/p>\n<p><span class=\"text1noticias\">Santo Domingo RD 30 abril (11:28 am).-La Feria del Libro presenta este lunes un atractivo programa que inico bien temprano esta ma\u00f1ana con el acto de inauguraci\u00f3n de la calle \u00abGiovanny Cruz en honor al actor y que continua hasta las 10:00 de la noche.<\/span><\/p>\n<\/p>\n<p><span class=\"text1noticias\">A continuaci\u00f3n el contenido de la feria para hoy:<\/span><\/p>\n<\/p>\n<p><span class=\"text1noticias\">Teatro Arena: \u00abNereyda Rodr\u00edguez\u00bb Pastoral Juvenil: concentraci\u00f3n festiva de pascua \u00abNavegando con Jes\u00fas\u00bb.<\/span><\/p>\n<\/p>\n<p><span class=\"text1noticias\">Pabell\u00f3n de Escritores Dominicanos: Conversatorio del Movimiento Literario Demiurgo (Distrito Nacional) con Giovanny Cruz, autor homenajeado. Organiza: DGTL.<\/span><\/p>\n<\/p>\n<p><span class=\"text1noticias\">Espacio Joven. Conferencia: \u00abAdolescentes y la ley\u00bb, a cargo de Pedro \u00c1lvarez. Coordina: ONE.<\/span><\/p>\n<\/p>\n<p><span class=\"text1noticias\">Tribuna Libre \u00a1Expr\u00e9sate! 10 minutos de fama. Pintura con Jimmy Verdecia y performance de Vidal de la Cruz.<\/span><\/p>\n<\/p>\n<p><span class=\"text1noticias\">Teatro de Calle: Calles de la Feria \u00abCanto al Soldado inminente\u00bb, a cargo del Teatro Rodante Dominicano. Autora: Carmen Natalia.<\/span><\/p>\n<\/p>\n<p><span class=\"text1noticias\">11.00 a.m. Cinemateca Dominicana Ciclo infantil: \u00abLas aventuras de la Pantera rosa\u00bb. (Animado).<\/span><\/p>\n<\/p>\n<p><span class=\"text1noticias\">Pabell\u00f3n Libro\u00ad Cocina \u00abSocorro Castellanos\u00bb Jacada Gourmet. Programaci\u00f3n especial para TV, con las recetas, temas e invitados de Jacayag\u00fcila Carmona.<\/span><\/p>\n<\/p>\n<p><span class=\"text1noticias\">12:00 p.m. Pabell\u00f3n Libro\u00ad Cocina \u00abSocorro Castellanos\u00bb Encuentro culinario con Giovanny Cruz.<\/span><\/p>\n<\/p>\n<p><span class=\"text1noticias\">1:30 p.m. Caf\u00e9 Bohemio. Visita del autor homenajeado del d\u00eda: Giovanny Cruz. Brindis y pintura en vivo de un mantel con tem\u00e1tica alusiva al autor.<\/span><\/p>\n<\/p>\n<p><span class=\"text1noticias\">Tribuna Libre El Cafecito Filos\u00f3fico y Bohemio de la Tarde (Espacio interactivo) Invitada: \u00abAlcanzando metas y algo de poes\u00eda\u00bb, a cargo de Mar\u00eda Palitachi.<\/span><\/p>\n<\/p>\n<p><span class=\"text1noticias\">Pabell\u00f3n Libro\u00ad Cocina: \u00abSocorro Castellanos\u00bb Invitados: Programas de Cocina, Escuelas de Cocina de Universidades y Escuelas T\u00e9cnicas.<\/span><\/p>\n<\/p>\n<p><span class=\"text1noticias\">Auditorio del Museo de Historia Natural. Panel: \u00abLos intelectuales y su relaci\u00f3n con los espacios de poder\u00bb, a cargo de Andr\u00e9s Merejo Checo y Leonardo D\u00edaz. Coordina: UASD.<\/span><\/p>\n<\/p>\n<p><span class=\"text1noticias\">Pabell\u00f3n de Escritores Dominicanos: Lectura del Movimiento Literario Demiurgo.<\/span><\/p>\n<\/p>\n<p><span class=\"text1noticias\">Tribuna Libre: Espacio de \u00abAnimaci\u00f3n, pasi\u00f3n y creaci\u00f3n\u00bb.<\/span><\/p>\n<\/p>\n<p><span class=\"text1noticias\">Espacio Joven: El Maquillaje Teatral, a cargo de Luis Marcel Ricart.<\/span><\/p>\n<\/p>\n<p><span class=\"text1noticias\">Cinemateca Dominicana. Ciclo Documentales: \u00abGuardi\u00e1n de la biodiversidad\u00bb.<\/span><\/p>\n<\/p>\n<p><span class=\"text1noticias\">Pabell\u00f3n de Escritores Dominicanos: Presentaci\u00f3n del libro \u00abVersos\u00bb, de Pedro Henr\u00edquez Ure\u00f1a. Colecci\u00f3n Cl\u00e1sicos Dominicanos. Presentado por Eva Guerrero (Espa\u00f1a).<\/span><\/p>\n<\/p>\n<p><span class=\"text1noticias\">Espacio Joven. Ciclos de Cortometrajes IV: \u00abPrenda\u00bb, dirigido por Bladimir Abud; \u00abIsrael\u00bb, dirigido por Leticia Tonos; \u00abLuciernaga\u00bb, dirigido por Roberto Minicucci, y \u00abA cien mil\u00bb, dirigido por Amaury P\u00e9rez.<\/span><\/p>\n<\/p>\n<p><span class=\"text1noticias\">Tribuna Libre. Conferencia: \u00abIndustrias culturales creativas ? medici\u00f3n de la cultura\u00bb, a cargo de Domingo Guerrero.<\/span><\/p>\n<\/p>\n<p><span class=\"text1noticias\">Teatro de Calle Calles de la Feria \u00abCanto al Soldado inminente\u00bb, a cargo del Teatro Rodante Dominicano. Autora: Carmen Natalia.<\/span><\/p>\n<\/p>\n<p><span class=\"text1noticias\">Pabell\u00f3n Libro\u00ad Cocina: \u00abSocorro Castellanos\u00bb Comida saludable y entretenida.<\/span><\/p>\n<\/p>\n<p><span class=\"text1noticias\">Pabell\u00f3n Libro \u00adCocina: \u00abSocorro Castellanos\u00bb Presentaci\u00f3n del libro \u00abEl sabor de nuestra tierra\u00bb (Aguilar), de Socorro Castellanos. Invita: Santillana.<\/span><\/p>\n<\/p>\n<p><span class=\"text1noticias\">Espacio Joven: Nuevos Talentos: Encuentro con la Sinf\u00f3nica Juvenil, a cargo de Darwin Aquino.<\/span><\/p>\n<\/p>\n<p><span class=\"text1noticias\">Sala de Conferencias: \u00abP. Julio Cicero\u00bb de la Cinemateca Dominicana Ciclo Cient\u00edfico: \u00ad\u00bbLos fundamentos de las ciencias de la complejidad\u00bb, a cargo de Pedro Sotolongo. \u00adPanel: \u00abEl pensamiento complejo\u00bb, a cargo de Amado Reyes, Andr\u00e9s Merejo, C\u00e9sar Zapata y Francisco Acosta.<\/span><\/p>\n<\/p>\n<p><span class=\"text1noticias\">Rosa de los Vientos. Juego de Pelota Maya. Auspicia: Embajada de Guatemala.<\/span><\/p>\n<\/p>\n<p><span class=\"text1noticias\">Cinemateca Dominicana: Ciclo Homenaje a Mar\u00eda Montez, \u00abAl\u00ed Bab\u00e1 y los 40 ladrones\u00bb.<\/span><\/p>\n<\/p>\n<p><span class=\"text1noticias\">Caf\u00e9 Bohemio: Teatralidades centroamericanas: drama, canciones y poes\u00eda, con la escuela de teatro de Fausto Grull\u00f3n.<\/span><\/p>\n<\/p>\n<p><span class=\"text1noticias\">Pabell\u00f3n Libro\u00ad Cocina: \u00abSocorro Castellanos\u00bb Invitada especial: C\u00e1ndida Ortega.<\/span><\/p>\n<\/p>\n<p><span class=\"text1noticias\">Bar \u00abJuan Lockward\u00bb del Teatro Nacional Coloquio: \u00abLa narrativa centroamericana del siglo XX. Balance y perspectivas\u00bb. Expositores: M\u00e1ximo Vega, Alejandro Aguilar, Rafael Garc\u00eda Romero y Armando Rivera (Guatemala). Moderador: Nan Chevalier.<\/span><\/p>\n<\/p>\n<p><span class=\"text1noticias\">Pabell\u00f3n Libro\u00ad Cocina: \u00abSocorro Castellanos\u00bb Arte y poes\u00eda en la cocina, con C\u00e9sar Namnum.<\/span><\/p>\n<\/p>\n<p><span class=\"text1noticias\">Espacio Joven. Presentaci\u00f3n del libro \u00abEsto no es una antolog\u00eda\u00bb, del Colectivo Literario El Ara\u00f1azo.<\/span><\/p>\n<\/p>\n<p><span class=\"text1noticias\">Tribuna Libre: Conferencia sobre pol\u00edtica cultural de Estado, a cargo de Oscar Holgu\u00edn Beras.<\/span><\/p>\n<\/p>\n<p><span class=\"text1noticias\">Pabell\u00f3n de Escritores Dominicanos: Conversatorio alrededor del libro \u00abLa naturaleza contra el c\u00e1ncer\u00bb, de Delfina Marte.<\/span><\/p>\n<\/p>\n<p><span class=\"text1noticias\">Pabell\u00f3n Libro\u00ad Cocina: \u00abSocorro Castellanos\u00bb Canciones Narrativa en la cocina: Jos\u00e9 Antonio Rodr\u00edguez.<\/span><\/p>\n<\/p>\n<p><span class=\"text1noticias\">Espacio Joven. Las nuevas pr\u00e1cticas para hablar en p\u00fablico, a cargo de Rosario Medina.<\/span><\/p>\n<\/p>\n<p><span class=\"text1noticias\">7:00 p.m. Teatro Arena: \u00abNereyda Rodr\u00edguez\u00bb Concierto del grupo \u00abAura\u00bb<\/span><\/p>\n<\/p>\n<p><span class=\"text1noticias\">Grupo compuesto por los j\u00f3venes talentos Manny Cruz, Javier Grull\u00f3n y Jos\u00e9 Julio S\u00e1nchez (Yey\u00adyey), todos con una amplia experiencia en musicales y obras teatrales como el Violinista en el Tejado, West Side Story, High School Musical, entre otros.<\/span><\/p>\n<\/p>\n<p><span class=\"text1noticias\">Cinemateca Dominicana: Ciclo Cine y literatura: \u00abMatar a un ruise\u00f1or\u00bb.<\/span><\/p>\n<\/p>\n<p><span class=\"text1noticias\">Pabell\u00f3n de Escritores Dominicanos Conferencia: \u00abImpacto de la tecnolog\u00eda en el periodismo\u00bb, a cargo de Oscar Pe\u00f1a.<\/span><\/p>\n<\/p>\n<p><span class=\"text1noticias\">Espacio Joven. Encuentro con Annel Roc\u00edo y Marlene Aquino en Danza L\u00edrica \u00abEl Amor es un Fuego\u00bb.<\/span><\/p>\n<\/p>\n<p><span class=\"text1noticias\">Rosa de los Vientos. Desfile de trajes t\u00edpicos mayas. Danza: \u00abEl Rey<\/span><\/p>\n<\/p>\n<p><span class=\"text1noticias\">Caf\u00e9 Bohemio: Concierto sabor: Sabrina Estepan \u00adLas Divas del Jazz. Celebrando en Rep\u00fablica Dominicana el primer D\u00eda Internacional del Jazz, declarado recientemente por la Unesco. Acompa\u00f1amiento del maestro Rafelito Mirabal.<\/span><\/p>\n<\/p>\n<p><span class=\"text1noticias\">9:00 p.m. Teatro Arena \u00abNereyda Rodr\u00edguez\u00bb Pavel N\u00fa\u00f1ez en Concierto.<\/span><\/p>\n<\/p>\n<p><span class=\"text1noticias\">10:00 p.m. Cierre de la Feria.- AD<\/span>.<\/p>\n<\/p>\n<h6> 2012-04-30 15:42:47 <\/h6>\n<p><!--\n<link rel=\"stylesheet\" href=\"css\/bootstrap.min.css\">\n\n\n<ul class=\"pagination\">\n\t    \n\t\n\n<li >\n\t<a href='?page_no=17468'>Previous<\/a>\n\t<\/li>\n\n\n       \n    \n\n<li><a href='?page_no=1'>1<\/a><\/li>\n\n\n\n<li><a href='?page_no=2'>2<\/a><\/li>\n\n\n\n<li><a>...<\/a><\/li>\n\n\n\n<li><a href='?page_no=17467'>17467<\/a><\/li>\n\n\n\n<li><a href='?page_no=17468'>17468<\/a><\/li>\n\n\n\n<li class='active'><a>17469<\/a><\/li>\n\n\n\n<li><a href='?page_no=17470'>17470<\/a><\/li>\n\n\n\n<li><a href='?page_no=17471'>17471<\/a><\/li>\n\n\n\n<li><a>...<\/a><\/li>\n\n\n\n<li><a href='?page_no=22911'>22911<\/a><\/li>\n\n\n\n<li><a href='?page_no=22912'>22912<\/a><\/li>\n\n    \n\t\n\n<li >\n\t<a href='?page_no=17470'>Next<\/a>\n\t<\/li>\n\n\n    \n\n<li><a href='?page_no=22912'>Last &rsaquo;&rsaquo;<\/a><\/li>\n\n<\/ul>\n\n\n--><br \/>\n<\/body><\/p>\n","protected":false},"excerpt":{"rendered":"<p>Santo Domingo RD 30 abril (11:28 am).-La Feria del Libro presenta este lunes un atractivo programa que inico bien temprano esta ma\u00f1ana con el acto de inauguraci\u00f3n de la calle \u00abGiovanny Cruz en honor al actor y que continua hasta las 10:00 de la noche. A continuaci\u00f3n el contenido de la feria para hoy: Teatro [&hellip;]<\/p>\n","protected":false},"author":3,"featured_media":0,"comment_status":"open","ping_status":"open","sticky":false,"template":"","format":"standard","meta":{"footnotes":""},"categories":[21],"tags":[],"class_list":["post-65791","post","type-post","status-publish","format-standard","hentry","category-cultura"],"_links":{"self":[{"href":"https:\/\/diariodominicano.com\/index.php?rest_route=\/wp\/v2\/posts\/65791","targetHints":{"allow":["GET"]}}],"collection":[{"href":"https:\/\/diariodominicano.com\/index.php?rest_route=\/wp\/v2\/posts"}],"about":[{"href":"https:\/\/diariodominicano.com\/index.php?rest_route=\/wp\/v2\/types\/post"}],"author":[{"embeddable":true,"href":"https:\/\/diariodominicano.com\/index.php?rest_route=\/wp\/v2\/users\/3"}],"replies":[{"embeddable":true,"href":"https:\/\/diariodominicano.com\/index.php?rest_route=%2Fwp%2Fv2%2Fcomments&post=65791"}],"version-history":[{"count":0,"href":"https:\/\/diariodominicano.com\/index.php?rest_route=\/wp\/v2\/posts\/65791\/revisions"}],"wp:attachment":[{"href":"https:\/\/diariodominicano.com\/index.php?rest_route=%2Fwp%2Fv2%2Fmedia&parent=65791"}],"wp:term":[{"taxonomy":"category","embeddable":true,"href":"https:\/\/diariodominicano.com\/index.php?rest_route=%2Fwp%2Fv2%2Fcategories&post=65791"},{"taxonomy":"post_tag","embeddable":true,"href":"https:\/\/diariodominicano.com\/index.php?rest_route=%2Fwp%2Fv2%2Ftags&post=65791"}],"curies":[{"name":"wp","href":"https:\/\/api.w.org\/{rel}","templated":true}]}}