{"id":65790,"date":"2012-04-30T15:49:31","date_gmt":"2012-04-30T15:49:31","guid":{"rendered":"http:\/\/diariodominicano.ddns.net\/?p=65790"},"modified":"2012-04-30T15:49:31","modified_gmt":"2012-04-30T15:49:31","slug":"miles-de-personas-visitan-stand-de-la-uasd-en-la-feria-internacional-del-libro-2012","status":"publish","type":"post","link":"https:\/\/diariodominicano.com\/?p=65790","title":{"rendered":"Miles de personas visitan stand de la UASD en la Feria Internacional del Libro 2012"},"content":{"rendered":"<p><body><\/p>\n<p><img decoding=\"async\" src=\"img3\/STAND UASD MUY VISITADO.JPG\" \/>  <\/p>\n<p>Santo Domingo, RD, 30 abril, 11:48 am.-  El stand de la Universidad Aut\u00f3noma de Santo Domingo (UASD) durante la XV Feria Internacional del Libro de la Rep\u00fablica Dominicana se ha convertido en un concurrido punto de encuentro donde cada d\u00eda se reciben miles de personas.<\/p>\n<p>El atrayente y singular  dise\u00f1o del pabell\u00f3n a trav\u00e9s del cual la Primada de Am\u00e9rica dice presente en este evento cultural  es uno de lo m\u00e1s visitados y pese a ser una de las instituciones  con m\u00e1s espacio f\u00edsico asignado, por momentos  esa \u00e1rea  resulta insuficiente para albergar el gran p\u00fablico que  acude.  <\/p>\n<p>Hombres, mujeres, adultos, j\u00f3venes y ni\u00f1os de  diferentes edades, condici\u00f3n social  y cultura;  procedentes de diversos  sectores y puntos del pa\u00eds, disfrutan diariamente de las actividades que ofrece la academia estatal dominicana desde el recinto ferial, como son charlas, presentaciones de obras, conversatorios y proyecciones f\u00edlmicas sobre diferentes t\u00f3picos <\/p>\n<p>Tambi\u00e9n, los visitantes reciben atenciones m\u00e9dicas de parte del grupo Rafael Mateo y la Escuela de Enfermer\u00eda e informaciones  sobre la oferta acad\u00e9mica de esa casa de altos estudios, los servicios que se ofrecen  a trav\u00e9s de las empresas productivas de la UASD y los trabajos investigativos  de sus docentes. <\/p>\n<p>La amplia agenda de disertaciones, exhibiciones, presentaciones art\u00edsticas, festivas,  educativas y servicios que coordina la Vicerrector\u00eda de Extensi\u00f3n de la m\u00e1s antigua universidad del Nuevo Mundo  hace que la estad\u00eda de los visitantes  a esta feria, que tiene como lema \u00abLl\u00e9nate de lectura\u00bb resulte agradable, atractiva y beneficiosa.<\/p>\n<p>La versi\u00f3n d\u00e9cimo-quinta de la Feria Internacional del Libro Dominicano, que se  inici\u00f3 el mi\u00e9rcoles 18 de abril y concluir\u00e1 el domingo 6 mayo,  est\u00e1 dedicada este a\u00f1o al novelista, poeta y periodista Enriquillo S\u00e1nchez , y tiene como pa\u00edses invitados a Belice, Guatemala, Honduras, Panam\u00e1, Nicaragua, El Salvador, Costa Rica  y  Panam\u00e1,.<\/p>\n<p>Asimismo, participan Estados Unidos, Argentina, San Mart\u00edn, Uruguay, Venezuela,  Hait\u00ed, Cuba, Puerto Rico, Colombia, Chile, Per\u00fa, M\u00e9xico, Espa\u00f1a, Francia, Alemania, Reino Unido, Pa\u00edses Bajos, B\u00e9lgica, Yugoslavia, Corea y Taiw\u00e1n,<\/p>\n<\/p>\n<\/p>\n<h6> 2012-04-30 15:49:31 <\/h6>\n<p><!--\n<link rel=\"stylesheet\" href=\"css\/bootstrap.min.css\">\n\n\n<ul class=\"pagination\">\n\t    \n\t\n\n<li >\n\t<a href='?page_no=17467'>Previous<\/a>\n\t<\/li>\n\n\n       \n    \n\n<li><a href='?page_no=1'>1<\/a><\/li>\n\n\n\n<li><a href='?page_no=2'>2<\/a><\/li>\n\n\n\n<li><a>...<\/a><\/li>\n\n\n\n<li><a href='?page_no=17466'>17466<\/a><\/li>\n\n\n\n<li><a href='?page_no=17467'>17467<\/a><\/li>\n\n\n\n<li class='active'><a>17468<\/a><\/li>\n\n\n\n<li><a href='?page_no=17469'>17469<\/a><\/li>\n\n\n\n<li><a href='?page_no=17470'>17470<\/a><\/li>\n\n\n\n<li><a>...<\/a><\/li>\n\n\n\n<li><a href='?page_no=22911'>22911<\/a><\/li>\n\n\n\n<li><a href='?page_no=22912'>22912<\/a><\/li>\n\n    \n\t\n\n<li >\n\t<a href='?page_no=17469'>Next<\/a>\n\t<\/li>\n\n\n    \n\n<li><a href='?page_no=22912'>Last &rsaquo;&rsaquo;<\/a><\/li>\n\n<\/ul>\n\n\n--><br \/>\n<\/body><\/p>\n","protected":false},"excerpt":{"rendered":"<p>Santo Domingo, RD, 30 abril, 11:48 am.- El stand de la Universidad Aut\u00f3noma de Santo Domingo (UASD) durante la XV Feria Internacional del Libro de la Rep\u00fablica Dominicana se ha convertido en un concurrido punto de encuentro donde cada d\u00eda se reciben miles de personas. El atrayente y singular dise\u00f1o del pabell\u00f3n a trav\u00e9s del [&hellip;]<\/p>\n","protected":false},"author":3,"featured_media":0,"comment_status":"open","ping_status":"open","sticky":false,"template":"","format":"standard","meta":{"footnotes":""},"categories":[21],"tags":[],"class_list":["post-65790","post","type-post","status-publish","format-standard","hentry","category-cultura"],"_links":{"self":[{"href":"https:\/\/diariodominicano.com\/index.php?rest_route=\/wp\/v2\/posts\/65790","targetHints":{"allow":["GET"]}}],"collection":[{"href":"https:\/\/diariodominicano.com\/index.php?rest_route=\/wp\/v2\/posts"}],"about":[{"href":"https:\/\/diariodominicano.com\/index.php?rest_route=\/wp\/v2\/types\/post"}],"author":[{"embeddable":true,"href":"https:\/\/diariodominicano.com\/index.php?rest_route=\/wp\/v2\/users\/3"}],"replies":[{"embeddable":true,"href":"https:\/\/diariodominicano.com\/index.php?rest_route=%2Fwp%2Fv2%2Fcomments&post=65790"}],"version-history":[{"count":0,"href":"https:\/\/diariodominicano.com\/index.php?rest_route=\/wp\/v2\/posts\/65790\/revisions"}],"wp:attachment":[{"href":"https:\/\/diariodominicano.com\/index.php?rest_route=%2Fwp%2Fv2%2Fmedia&parent=65790"}],"wp:term":[{"taxonomy":"category","embeddable":true,"href":"https:\/\/diariodominicano.com\/index.php?rest_route=%2Fwp%2Fv2%2Fcategories&post=65790"},{"taxonomy":"post_tag","embeddable":true,"href":"https:\/\/diariodominicano.com\/index.php?rest_route=%2Fwp%2Fv2%2Ftags&post=65790"}],"curies":[{"name":"wp","href":"https:\/\/api.w.org\/{rel}","templated":true}]}}