{"id":65789,"date":"2012-04-30T15:56:25","date_gmt":"2012-04-30T15:56:25","guid":{"rendered":"http:\/\/diariodominicano.ddns.net\/?p=65789"},"modified":"2012-04-30T15:56:25","modified_gmt":"2012-04-30T15:56:25","slug":"el-academico-observa-a-una-republica-dominicana-en-una-involucion-terrible-47-anos-despues-de-la-revolucion-de-abril","status":"publish","type":"post","link":"https:\/\/diariodominicano.com\/?p=65789","title":{"rendered":"El acad\u00e9mico observa a una Rep\u00fablica Dominicana en una involuci\u00f3n terrible  47 a\u00f1os despu\u00e9s de la Revoluci\u00f3n de Abril"},"content":{"rendered":"<p><body><\/p>\n<p><img decoding=\"async\" src=\"img3\/Frof UASD publica libro.JPG\" \/><br \/><img decoding=\"async\" src=\"img3\/Frof UASD publica libro 1.JPG\" \/>  <\/p>\n<p>SANTO DOMINGO, RD, 30 abril, 11:56 am.- La Universidad Aut\u00f3noma de Santo Domingo puso en circulaci\u00f3n el libro \u00abUno de esos d\u00edas de abril\u00bb, de la autor\u00eda del doctor Pedro Conde Sturla, intelectual y acad\u00e9mico que advierte con la sapiencia de los a\u00f1os a una \u00absociedad dominicana que ha sufrido una involuci\u00f3n terrible\u00bb, 47 a\u00f1os de despu\u00e9s de la Revoluci\u00f3n de Abril del 1965.<\/p>\n<p>El acto de puesta en circulaci\u00f3n lo presidi\u00f3 el rector de la UASD, maestro Mateo Aquino Febrillet; el autor Conde Sturla; el pasado rector Porfirio Garc\u00eda Fern\u00e1ndez; la doctora Luisa Navarro, directora de la Escuela de Historia y Antropolog\u00eda y el dirigente pol\u00edtico Narciso Isa Conde, pariente del autor que tuvo a su cargo la presentaci\u00f3n del libro.<\/p>\n<p>\u00abEste libro es pr\u00e1cticamente un homenaje a la Epopeya Nacional que signific\u00f3 la uni\u00f3n de soldados constitucionalistas con el pueblo dominicano y la epopeya que represent\u00f3 la lucha contra los sectores m\u00e1s reaccionarios del pa\u00eds e incluso contra el imperialismo Yanqui, al cual no pudimos vencer pero tampoco pudo derrotarnos\u00bb, manifest\u00f3 el autor.<\/p>\n<p>Deplor\u00f3 que \u00abla juventud dominicana de esta \u00e9poca haya abandonado los ideales de entonces y ha habido un proceso de degeneraci\u00f3n profundo. La lucha pol\u00edtica ha sido cambiada ya por cosas materiales, banales, sin descartar ning\u00fan medio como el gansterismo, robo y el asalto a mano armada\u00bb.<\/p>\n<p>La doctora Navarro, directora de la Escuela de Historia y Antropolog\u00eda, tuvo a su cargo las palabras introductorias de la ceremonia de publicaci\u00f3n de \u00abUno de esos d\u00edas de abril\u00bb, una obra de recordaci\u00f3n y vivencia que busca rescatar la memoria hist\u00f3rica de un pueblo que tambi\u00e9n luce inerme 47 a\u00f1os despu\u00e9s.<\/p>\n<p>\u00abEs muy grande el honor para m\u00ed presentar a mi profesor del Oto\u00f1o porque al leer el libro me remonto a mis 17 a\u00f1os otra vez y el honor es grande porque mi admiraci\u00f3n por \u00e9l es inmensa\u00bb, manifest\u00f3, tras indicar que no sabe si se trata de una novela hist\u00f3rica o una historia novelada pero que la recomienda a estudiantes, acad\u00e9micos y personas que se interesen por la lectura.<\/p>\n<p>Al acto tambi\u00e9n asistieron el maestro Francisco Terrero Galarza, vicerrector  de Extensi\u00f3n; el pasado vicerrector Docente Rafael Nino F\u00e9liz y las maestras Teresa Espaillat y Eddy Ram\u00edrez, familiares e invitados especiales.<\/p>\n<p>El libro de 111 p\u00e1ginas consta de 15 cap\u00edtulos de un recuerdo vivo de la lucha por la democracia en 1965. En ese orden, cita \u00abS\u00e1bado, 24 de abril, 1965&#8243;; En el Palacio, El camino de Santiago; El puente, Los vencidos; Los vencedores, La fortaleza, El asalto al cielo; El bot\u00edn y Uno de esos d\u00edas de abril\u00bb, entre otros.<\/p>\n<\/p>\n<h6> 2012-04-30 15:56:25 <\/h6>\n<p><!--\n<link rel=\"stylesheet\" href=\"css\/bootstrap.min.css\">\n\n\n<ul class=\"pagination\">\n\t    \n\t\n\n<li >\n\t<a href='?page_no=17466'>Previous<\/a>\n\t<\/li>\n\n\n       \n    \n\n<li><a href='?page_no=1'>1<\/a><\/li>\n\n\n\n<li><a href='?page_no=2'>2<\/a><\/li>\n\n\n\n<li><a>...<\/a><\/li>\n\n\n\n<li><a href='?page_no=17465'>17465<\/a><\/li>\n\n\n\n<li><a href='?page_no=17466'>17466<\/a><\/li>\n\n\n\n<li class='active'><a>17467<\/a><\/li>\n\n\n\n<li><a href='?page_no=17468'>17468<\/a><\/li>\n\n\n\n<li><a href='?page_no=17469'>17469<\/a><\/li>\n\n\n\n<li><a>...<\/a><\/li>\n\n\n\n<li><a href='?page_no=22911'>22911<\/a><\/li>\n\n\n\n<li><a href='?page_no=22912'>22912<\/a><\/li>\n\n    \n\t\n\n<li >\n\t<a href='?page_no=17468'>Next<\/a>\n\t<\/li>\n\n\n    \n\n<li><a href='?page_no=22912'>Last &rsaquo;&rsaquo;<\/a><\/li>\n\n<\/ul>\n\n\n--><br \/>\n<\/body><\/p>\n","protected":false},"excerpt":{"rendered":"<p>SANTO DOMINGO, RD, 30 abril, 11:56 am.- La Universidad Aut\u00f3noma de Santo Domingo puso en circulaci\u00f3n el libro \u00abUno de esos d\u00edas de abril\u00bb, de la autor\u00eda del doctor Pedro Conde Sturla, intelectual y acad\u00e9mico que advierte con la sapiencia de los a\u00f1os a una \u00absociedad dominicana que ha sufrido una involuci\u00f3n terrible\u00bb, 47 a\u00f1os [&hellip;]<\/p>\n","protected":false},"author":3,"featured_media":0,"comment_status":"open","ping_status":"open","sticky":false,"template":"","format":"standard","meta":{"footnotes":""},"categories":[21],"tags":[],"class_list":["post-65789","post","type-post","status-publish","format-standard","hentry","category-cultura"],"_links":{"self":[{"href":"https:\/\/diariodominicano.com\/index.php?rest_route=\/wp\/v2\/posts\/65789","targetHints":{"allow":["GET"]}}],"collection":[{"href":"https:\/\/diariodominicano.com\/index.php?rest_route=\/wp\/v2\/posts"}],"about":[{"href":"https:\/\/diariodominicano.com\/index.php?rest_route=\/wp\/v2\/types\/post"}],"author":[{"embeddable":true,"href":"https:\/\/diariodominicano.com\/index.php?rest_route=\/wp\/v2\/users\/3"}],"replies":[{"embeddable":true,"href":"https:\/\/diariodominicano.com\/index.php?rest_route=%2Fwp%2Fv2%2Fcomments&post=65789"}],"version-history":[{"count":0,"href":"https:\/\/diariodominicano.com\/index.php?rest_route=\/wp\/v2\/posts\/65789\/revisions"}],"wp:attachment":[{"href":"https:\/\/diariodominicano.com\/index.php?rest_route=%2Fwp%2Fv2%2Fmedia&parent=65789"}],"wp:term":[{"taxonomy":"category","embeddable":true,"href":"https:\/\/diariodominicano.com\/index.php?rest_route=%2Fwp%2Fv2%2Fcategories&post=65789"},{"taxonomy":"post_tag","embeddable":true,"href":"https:\/\/diariodominicano.com\/index.php?rest_route=%2Fwp%2Fv2%2Ftags&post=65789"}],"curies":[{"name":"wp","href":"https:\/\/api.w.org\/{rel}","templated":true}]}}