{"id":65788,"date":"2012-04-30T18:00:25","date_gmt":"2012-04-30T18:00:25","guid":{"rendered":"http:\/\/diariodominicano.ddns.net\/?p=65788"},"modified":"2012-04-30T18:00:25","modified_gmt":"2012-04-30T18:00:25","slug":"presidente-fernandez-pondra-en-circulacion-su-mas-reciente-libro-anos-de-formacion-escritos-politicos-de-vanguardia","status":"publish","type":"post","link":"https:\/\/diariodominicano.com\/?p=65788","title":{"rendered":"&#13;Presidente Fern\u00e1ndez pondr\u00e1 en circulaci\u00f3n su m\u00e1s reciente libro \u00abA\u00f1os de Formaci\u00f3n: Escritos Pol\u00edticos de Vanguardia\u00bb"},"content":{"rendered":"<p><body><\/p>\n<p><span class=\"text1noticias\">Rep.Dom. 30 de Abril 02:00 P.M.-El presidente Leonel Fern\u00e1ndez pondr\u00e1 en circulaci\u00f3n este mi\u00e9rcoles el libro \u00abA\u00f1os de Formaci\u00f3n: Escritos Pol\u00edticos de Vanguardia\u00bb, una recopilaci\u00f3n de sus art\u00edculos publicados en los peri\u00f3dicos Vanguardia del Pueblo y La Noticia, as\u00ed como en la Revista Pol\u00edtica Teor\u00eda y Acci\u00f3n, obra en la que abarca la etapa inicial de su formaci\u00f3n pol\u00edtica. <\/span><\/p>\n<\/p>\n<p><span class=\"text1noticias\">El acto de publicaci\u00f3n de la obra, ser\u00e1 a las 7:00 de la noche, en el Club Mauricio B\u00e1ez y la presentaci\u00f3n estar\u00e1 a cargo del vicepresidente de la Rep\u00fablica, doctor Rafael Alburquerque, y del ministro de Econom\u00eda, Planificaci\u00f3n y Desarrollo, ingeniero Tem\u00edstocles Mont\u00e1s.<\/span><\/p>\n<\/p>\n<p><span class=\"text1noticias\">La obra de 300 p\u00e1ginas, que es una recopilaci\u00f3n de los escritos del presidente Fern\u00e1ndez en esos medios de comunicaci\u00f3n en la d\u00e9cada de los a\u00f1os 70 y 80, fue editada por la Fundaci\u00f3n Global Democracia y Desarrollo (FUNGLODE).<\/span><\/p>\n<\/p>\n<p><span class=\"text1noticias\">El libro muestra las primeras reflexiones del mandatario sobre los principales temas de pol\u00edticos de ese tiempo, los cuales fueron publicados en Vanguardia del Pueblo, \u00f3rgano de comunicaci\u00f3n del partido de gobierno, y en el cual se desempe\u00f1\u00f3 durante varios a\u00f1os como editor de la secci\u00f3n internacional; en el peri\u00f3dico de circulaci\u00f3n nacional La Noticia y en la Revista Pol\u00edtica Teor\u00eda y Acci\u00f3n.<\/span><\/p>\n<\/p>\n<p><span class=\"text1noticias\">Con el devenir de los a\u00f1os, destaca el libro de Fern\u00e1ndez, \u00e9ste llegar\u00eda, en tres distintos per\u00edodos, a la Presidencia de la Rep\u00fablica Dominicana, con un camino inicial cimentado en el proceso de formaci\u00f3n pol\u00edtica e intelectual que se fue gestando en su condici\u00f3n de analista pol\u00edtico de los referidos medios.<\/span><\/p>\n<\/p>\n<p><span class=\"text1noticias\">Desde los diecisiete a\u00f1os de edad, el jefe de Estado empez\u00f3 a participar de forma din\u00e1mica en la actividad pol\u00edtica de la Rep\u00fablica Dominicana, sin otro prop\u00f3sito que no fuera el de hacer una modesta contribuci\u00f3n al desarrollo de la democracia, la libertad y la justicia social, seg\u00fan destaca la casa editorial.<\/span><\/p>\n<\/p>\n<p><span class=\"text1noticias\">Agrega que esa incursi\u00f3n en el quehacer pol\u00edtico lo condujo, desde un principio, a cultivar un inter\u00e9s por las ideas y el pensamiento pol\u00edtico y a partir de ah\u00ed, a la necesidad de expresarse y compartir juicios y opiniones acerca de los principales acontecimientos de car\u00e1cter nacional e internacional de su \u00e9poca. <\/span><\/p>\n<p><span class=\"text1noticias\">\u00abA\u00f1os de formaci\u00f3n: escritos pol\u00edticos de vanguardia\u00bb, tiene tres cap\u00edtulos que abarcan temas internacionales y nacionales y una selecci\u00f3n de 79 art\u00edculos escritos por el presidente Fern\u00e1ndez entre los 19 y los 24 a\u00f1os de edad.<\/span><\/p>\n<\/p>\n<p><span class=\"text1noticias\">El autor repasa el papel que jug\u00f3 Estados Unidos en la \u00faltima etapa de la guerra fr\u00eda y aborda, adem\u00e1s, aspectos que tienen que ver con las dictaduras de Uruguay, Chile y Argentina. Tambi\u00e9n examina los casos de diversos pa\u00edses de Europa, Asia y \u00c1frica que en aquellos tiempos hab\u00edan entrado en una etapa intensa y trascendental.<\/span><\/p>\n<\/p>\n<p><span class=\"text1noticias\">De igual manera, resalta la exaltaci\u00f3n mesi\u00e1nica del poder, el control de la informaci\u00f3n, la doctrina de la represalia masiva y la respuesta flexible, el militarismo y el mundo bipolar.<\/span><\/p>\n<\/p>\n<p><span class=\"text1noticias\">Este libro ayudar\u00e1 al lector a rescatar de la memoria estos acontecimientos y el orden cronol\u00f3gico en que sucedieron, para formar un retrato de lo que puede considerarse el esp\u00edritu de una \u00e9poca y las ilusiones de una generaci\u00f3n.(HG)<\/span>.<\/p>\n<h6> 2012-04-30 18:00:25 <\/h6>\n<p><!--\n<link rel=\"stylesheet\" href=\"css\/bootstrap.min.css\">\n\n\n<ul class=\"pagination\">\n\t    \n\t\n\n<li >\n\t<a href='?page_no=17465'>Previous<\/a>\n\t<\/li>\n\n\n       \n    \n\n<li><a href='?page_no=1'>1<\/a><\/li>\n\n\n\n<li><a href='?page_no=2'>2<\/a><\/li>\n\n\n\n<li><a>...<\/a><\/li>\n\n\n\n<li><a href='?page_no=17464'>17464<\/a><\/li>\n\n\n\n<li><a href='?page_no=17465'>17465<\/a><\/li>\n\n\n\n<li class='active'><a>17466<\/a><\/li>\n\n\n\n<li><a href='?page_no=17467'>17467<\/a><\/li>\n\n\n\n<li><a href='?page_no=17468'>17468<\/a><\/li>\n\n\n\n<li><a>...<\/a><\/li>\n\n\n\n<li><a href='?page_no=22911'>22911<\/a><\/li>\n\n\n\n<li><a href='?page_no=22912'>22912<\/a><\/li>\n\n    \n\t\n\n<li >\n\t<a href='?page_no=17467'>Next<\/a>\n\t<\/li>\n\n\n    \n\n<li><a href='?page_no=22912'>Last &rsaquo;&rsaquo;<\/a><\/li>\n\n<\/ul>\n\n\n--><br \/>\n<\/body><\/p>\n","protected":false},"excerpt":{"rendered":"<p>Rep.Dom. 30 de Abril 02:00 P.M.-El presidente Leonel Fern\u00e1ndez pondr\u00e1 en circulaci\u00f3n este mi\u00e9rcoles el libro \u00abA\u00f1os de Formaci\u00f3n: Escritos Pol\u00edticos de Vanguardia\u00bb, una recopilaci\u00f3n de sus art\u00edculos publicados en los peri\u00f3dicos Vanguardia del Pueblo y La Noticia, as\u00ed como en la Revista Pol\u00edtica Teor\u00eda y Acci\u00f3n, obra en la que abarca la etapa inicial [&hellip;]<\/p>\n","protected":false},"author":3,"featured_media":0,"comment_status":"open","ping_status":"open","sticky":false,"template":"","format":"standard","meta":{"footnotes":""},"categories":[21],"tags":[],"class_list":["post-65788","post","type-post","status-publish","format-standard","hentry","category-cultura"],"_links":{"self":[{"href":"https:\/\/diariodominicano.com\/index.php?rest_route=\/wp\/v2\/posts\/65788","targetHints":{"allow":["GET"]}}],"collection":[{"href":"https:\/\/diariodominicano.com\/index.php?rest_route=\/wp\/v2\/posts"}],"about":[{"href":"https:\/\/diariodominicano.com\/index.php?rest_route=\/wp\/v2\/types\/post"}],"author":[{"embeddable":true,"href":"https:\/\/diariodominicano.com\/index.php?rest_route=\/wp\/v2\/users\/3"}],"replies":[{"embeddable":true,"href":"https:\/\/diariodominicano.com\/index.php?rest_route=%2Fwp%2Fv2%2Fcomments&post=65788"}],"version-history":[{"count":0,"href":"https:\/\/diariodominicano.com\/index.php?rest_route=\/wp\/v2\/posts\/65788\/revisions"}],"wp:attachment":[{"href":"https:\/\/diariodominicano.com\/index.php?rest_route=%2Fwp%2Fv2%2Fmedia&parent=65788"}],"wp:term":[{"taxonomy":"category","embeddable":true,"href":"https:\/\/diariodominicano.com\/index.php?rest_route=%2Fwp%2Fv2%2Fcategories&post=65788"},{"taxonomy":"post_tag","embeddable":true,"href":"https:\/\/diariodominicano.com\/index.php?rest_route=%2Fwp%2Fv2%2Ftags&post=65788"}],"curies":[{"name":"wp","href":"https:\/\/api.w.org\/{rel}","templated":true}]}}