{"id":65787,"date":"2012-04-30T19:10:00","date_gmt":"2012-04-30T19:10:00","guid":{"rendered":"http:\/\/diariodominicano.ddns.net\/?p=65787"},"modified":"2012-04-30T19:10:00","modified_gmt":"2012-04-30T19:10:00","slug":"gran-espectaculo-concherias-en-la-fil","status":"publish","type":"post","link":"https:\/\/diariodominicano.com\/?p=65787","title":{"rendered":"Gran Espect\u00e1culo \u00abConcher\u00edas\u00bb en la FIL"},"content":{"rendered":"<p><body><\/p>\n<p><img decoding=\"async\" src=\"img3\/cocherias.JPG\" \/>  <\/p>\n<p><span class=\"text1noticias\">Rep.Dom. 30 de Abril 03:18 P.M.-Una de las m\u00e1s importantes representaciones art\u00edsticas de las tradiciones del pueblo costarricense llega a la Rep\u00fablica Dominicana, con la presentaci\u00f3n, en la Feria el Libro, del espect\u00e1culo \u00abConcher\u00edas\u00bb, a cargo de la Compa\u00f1\u00eda Nacional de Danza y la Compa\u00f1\u00eda Nacional de Teatro de Costa Rica.<\/span><\/p>\n<\/p>\n<p><span class=\"text1noticias\">Estas dos importantes agrupaciones se han unido para escenificar una adaptaci\u00f3n de la obra \u00abLas Concher\u00edas\u00bb del gran poeta costarricense Aquileo Echeverr\u00eda, ma\u00f1ana martes a las 7: 30 p.m.,  en la sala Carlos Piantini del Teatro Nacional Eduardo Brito.<\/span><\/p>\n<\/p>\n<p><span class=\"text1noticias\">Un elenco de m\u00e1s de 30 artistas, con la direcci\u00f3n teatral del destacado actor y director Luis R\u00e1bago y la coreograf\u00eda de la reconocida bailarina Marcela Aguilar, pondr\u00e1n en escena este cl\u00e1sico de la literatura costarricense que retrata la vida cotidiana de algunos campesinos de  finales del siglo XIX y principios del siglo XX.   <\/span><\/p>\n<\/p>\n<p><span class=\"text1noticias\">Mildred Gonz\u00e1lez,  Directora de la Compa\u00f1\u00eda Nacional de Danza de Costa Rica, manifest\u00f3 que la presentaci\u00f3n de este gran espect\u00e1culo en  la Feria, y en especial, en este importante escenario de la Rep\u00fablica Dominicana, como lo es el Teatro Nacional Eduardo Brito, ha causado mucha emoci\u00f3n al elenco del grupo que dirige.<\/span><\/p>\n<\/p>\n<p><span class=\"text1noticias\">\u00abEstamos muy felices, porque esta es nuestra primera gira internacional con la obra, luego de haber realizado una serie de presentaciones en nuestro pa\u00eds, donde fue muy bien recibida por el p\u00fablico, hasta el punto de que las boletas se agotaron en tiempo r\u00e9cord, en cada una de sus funciones\u00bb, indic\u00f3 Gonz\u00e1lez.  <\/span><\/p>\n<\/p>\n<p><span class=\"text1noticias\">Agreg\u00f3 que el elenco de bailarines es de alto nivel, y que, a diferencia de otras obras teatrales, en \u00abConcher\u00edas\u00bb, la danza no acompa\u00f1a al teatro, sino que es tambi\u00e9n protagonista en este encuentro con la literatura de esta naci\u00f3n centroamericana.<\/span><\/p>\n<\/p>\n<p><span class=\"text1noticias\">Por su parte, Gladys Alzate, Directora de la Compa\u00f1\u00eda Nacional de Teatro de Costa Rica, expres\u00f3 que, para los actores de la obra,  es de  gran significaci\u00f3n el poder estrechar lazos con Rep\u00fablica Dominicana, a trav\u00e9s de la presentaci\u00f3n de \u00abConcher\u00edas\u00bb.<\/span><\/p>\n<\/p>\n<p><span class=\"text1noticias\">\u00abNos sentimos muy contentos por presentar al p\u00fablico dominicano esta puesta en escena que refleja el quehacer literario de nuestro Aquileo Echeverr\u00eda, cuyo legado es conocido por el pueblo costarricense, en especial por los estudiantes, pues ha recorrido las aulas de las escuelas del pa\u00eds\u00bb.(HG)<\/span>.<\/p>\n<h6> 2012-04-30 19:10:00 <\/h6>\n<p><!--\n<link rel=\"stylesheet\" href=\"css\/bootstrap.min.css\">\n\n\n<ul class=\"pagination\">\n\t    \n\t\n\n<li >\n\t<a href='?page_no=17464'>Previous<\/a>\n\t<\/li>\n\n\n       \n    \n\n<li><a href='?page_no=1'>1<\/a><\/li>\n\n\n\n<li><a href='?page_no=2'>2<\/a><\/li>\n\n\n\n<li><a>...<\/a><\/li>\n\n\n\n<li><a href='?page_no=17463'>17463<\/a><\/li>\n\n\n\n<li><a href='?page_no=17464'>17464<\/a><\/li>\n\n\n\n<li class='active'><a>17465<\/a><\/li>\n\n\n\n<li><a href='?page_no=17466'>17466<\/a><\/li>\n\n\n\n<li><a href='?page_no=17467'>17467<\/a><\/li>\n\n\n\n<li><a>...<\/a><\/li>\n\n\n\n<li><a href='?page_no=22911'>22911<\/a><\/li>\n\n\n\n<li><a href='?page_no=22912'>22912<\/a><\/li>\n\n    \n\t\n\n<li >\n\t<a href='?page_no=17466'>Next<\/a>\n\t<\/li>\n\n\n    \n\n<li><a href='?page_no=22912'>Last &rsaquo;&rsaquo;<\/a><\/li>\n\n<\/ul>\n\n\n--><br \/>\n<\/body><\/p>\n","protected":false},"excerpt":{"rendered":"<p>Rep.Dom. 30 de Abril 03:18 P.M.-Una de las m\u00e1s importantes representaciones art\u00edsticas de las tradiciones del pueblo costarricense llega a la Rep\u00fablica Dominicana, con la presentaci\u00f3n, en la Feria el Libro, del espect\u00e1culo \u00abConcher\u00edas\u00bb, a cargo de la Compa\u00f1\u00eda Nacional de Danza y la Compa\u00f1\u00eda Nacional de Teatro de Costa Rica. Estas dos importantes agrupaciones [&hellip;]<\/p>\n","protected":false},"author":3,"featured_media":0,"comment_status":"open","ping_status":"open","sticky":false,"template":"","format":"standard","meta":{"footnotes":""},"categories":[21],"tags":[],"class_list":["post-65787","post","type-post","status-publish","format-standard","hentry","category-cultura"],"_links":{"self":[{"href":"https:\/\/diariodominicano.com\/index.php?rest_route=\/wp\/v2\/posts\/65787","targetHints":{"allow":["GET"]}}],"collection":[{"href":"https:\/\/diariodominicano.com\/index.php?rest_route=\/wp\/v2\/posts"}],"about":[{"href":"https:\/\/diariodominicano.com\/index.php?rest_route=\/wp\/v2\/types\/post"}],"author":[{"embeddable":true,"href":"https:\/\/diariodominicano.com\/index.php?rest_route=\/wp\/v2\/users\/3"}],"replies":[{"embeddable":true,"href":"https:\/\/diariodominicano.com\/index.php?rest_route=%2Fwp%2Fv2%2Fcomments&post=65787"}],"version-history":[{"count":0,"href":"https:\/\/diariodominicano.com\/index.php?rest_route=\/wp\/v2\/posts\/65787\/revisions"}],"wp:attachment":[{"href":"https:\/\/diariodominicano.com\/index.php?rest_route=%2Fwp%2Fv2%2Fmedia&parent=65787"}],"wp:term":[{"taxonomy":"category","embeddable":true,"href":"https:\/\/diariodominicano.com\/index.php?rest_route=%2Fwp%2Fv2%2Fcategories&post=65787"},{"taxonomy":"post_tag","embeddable":true,"href":"https:\/\/diariodominicano.com\/index.php?rest_route=%2Fwp%2Fv2%2Ftags&post=65787"}],"curies":[{"name":"wp","href":"https:\/\/api.w.org\/{rel}","templated":true}]}}