{"id":65786,"date":"2012-05-01T12:44:33","date_gmt":"2012-05-01T12:44:33","guid":{"rendered":"http:\/\/diariodominicano.ddns.net\/?p=65786"},"modified":"2012-05-01T12:44:33","modified_gmt":"2012-05-01T12:44:33","slug":"raul-castro-encabeza-desfile-por-1-de-mayo-en-la-habana","status":"publish","type":"post","link":"https:\/\/diariodominicano.com\/?p=65786","title":{"rendered":"Ra\u00fal Castro encabeza desfile por 1 de Mayo en La Habana"},"content":{"rendered":"<p><body><\/p>\n<p><img decoding=\"async\" src=\"img3\/primeromayo desfile cuba.jpg\" \/>  <\/p>\n<\/p>\n<p> La Habana, 1 may (PL), 8:21 am.-  El presidente cubano, Ra\u00fal Castro, encabeza hoy el desfile por el D\u00eda Internacional de los Trabajadores en la habanera Plaza de la Revoluci\u00f3n Jos\u00e9 Mart\u00ed.<\/p>\n<\/p>\n<p>Vestido con una guayabera blanca el estadista lleg\u00f3 a las 07:29 hora local (11:29 GMT) a la tribuna, que comparti\u00f3 con otros dirigentes y H\u00e9roes del Trabajo.<\/p>\n<\/p>\n<p>A la parada asisten cientos de miles de obreros, empleados y estudiantes en 23 bloques integrados por sindicatos y municipios y adem\u00e1s est\u00e1n presentes unos mil 900 dirigentes sindicales de 117 pa\u00edses y 209 organizaciones, informaron los organizadores.<\/p>\n<\/p>\n<p>Los participantes expresan su compromiso con el cumplimiento de los Lineamientos de la Pol\u00edtica Econ\u00f3mica y Social del Partido y la Revoluci\u00f3n, el programa de m\u00e1s de 300 medidas aprobadas hace un a\u00f1o por el VI Congreso del Partido Comunista de Cuba, a\u00f1adi\u00f3 la fuente.<\/p>\n<\/p>\n<p>La ocasi\u00f3n es marco para exigir el cese de la hostilidad estadounidense y por el regreso de los antiterroristas cubanos Gerardo Hern\u00e1ndez, Ram\u00f3n Laba\u00f1ino, Antonio Guerrero, Fernando Gonz\u00e1lez y Ren\u00e9 Gonz\u00e1lez, quienes fueron arrestados en aquel pa\u00eds hace m\u00e1s de 13 a\u00f1os.<\/p>\n<h6> 2012-05-01 12:44:33 <\/h6>\n<p><!--\n<link rel=\"stylesheet\" href=\"css\/bootstrap.min.css\">\n\n\n<ul class=\"pagination\">\n\t    \n\t\n\n<li >\n\t<a href='?page_no=17463'>Previous<\/a>\n\t<\/li>\n\n\n       \n    \n\n<li><a href='?page_no=1'>1<\/a><\/li>\n\n\n\n<li><a href='?page_no=2'>2<\/a><\/li>\n\n\n\n<li><a>...<\/a><\/li>\n\n\n\n<li><a href='?page_no=17462'>17462<\/a><\/li>\n\n\n\n<li><a href='?page_no=17463'>17463<\/a><\/li>\n\n\n\n<li class='active'><a>17464<\/a><\/li>\n\n\n\n<li><a href='?page_no=17465'>17465<\/a><\/li>\n\n\n\n<li><a href='?page_no=17466'>17466<\/a><\/li>\n\n\n\n<li><a>...<\/a><\/li>\n\n\n\n<li><a href='?page_no=22911'>22911<\/a><\/li>\n\n\n\n<li><a href='?page_no=22912'>22912<\/a><\/li>\n\n    \n\t\n\n<li >\n\t<a href='?page_no=17465'>Next<\/a>\n\t<\/li>\n\n\n    \n\n<li><a href='?page_no=22912'>Last &rsaquo;&rsaquo;<\/a><\/li>\n\n<\/ul>\n\n\n--><br \/>\n<\/body><\/p>\n","protected":false},"excerpt":{"rendered":"<p>La Habana, 1 may (PL), 8:21 am.- El presidente cubano, Ra\u00fal Castro, encabeza hoy el desfile por el D\u00eda Internacional de los Trabajadores en la habanera Plaza de la Revoluci\u00f3n Jos\u00e9 Mart\u00ed. Vestido con una guayabera blanca el estadista lleg\u00f3 a las 07:29 hora local (11:29 GMT) a la tribuna, que comparti\u00f3 con otros dirigentes [&hellip;]<\/p>\n","protected":false},"author":3,"featured_media":0,"comment_status":"open","ping_status":"open","sticky":false,"template":"","format":"standard","meta":{"footnotes":""},"categories":[21],"tags":[],"class_list":["post-65786","post","type-post","status-publish","format-standard","hentry","category-cultura"],"_links":{"self":[{"href":"https:\/\/diariodominicano.com\/index.php?rest_route=\/wp\/v2\/posts\/65786","targetHints":{"allow":["GET"]}}],"collection":[{"href":"https:\/\/diariodominicano.com\/index.php?rest_route=\/wp\/v2\/posts"}],"about":[{"href":"https:\/\/diariodominicano.com\/index.php?rest_route=\/wp\/v2\/types\/post"}],"author":[{"embeddable":true,"href":"https:\/\/diariodominicano.com\/index.php?rest_route=\/wp\/v2\/users\/3"}],"replies":[{"embeddable":true,"href":"https:\/\/diariodominicano.com\/index.php?rest_route=%2Fwp%2Fv2%2Fcomments&post=65786"}],"version-history":[{"count":0,"href":"https:\/\/diariodominicano.com\/index.php?rest_route=\/wp\/v2\/posts\/65786\/revisions"}],"wp:attachment":[{"href":"https:\/\/diariodominicano.com\/index.php?rest_route=%2Fwp%2Fv2%2Fmedia&parent=65786"}],"wp:term":[{"taxonomy":"category","embeddable":true,"href":"https:\/\/diariodominicano.com\/index.php?rest_route=%2Fwp%2Fv2%2Fcategories&post=65786"},{"taxonomy":"post_tag","embeddable":true,"href":"https:\/\/diariodominicano.com\/index.php?rest_route=%2Fwp%2Fv2%2Ftags&post=65786"}],"curies":[{"name":"wp","href":"https:\/\/api.w.org\/{rel}","templated":true}]}}