{"id":65785,"date":"2012-05-01T13:03:43","date_gmt":"2012-05-01T13:03:43","guid":{"rendered":"http:\/\/diariodominicano.ddns.net\/?p=65785"},"modified":"2012-05-01T13:03:43","modified_gmt":"2012-05-01T13:03:43","slug":"preparan-expediente-para-declarar-al-qhapac-nan-patrimonio-mundial","status":"publish","type":"post","link":"https:\/\/diariodominicano.com\/?p=65785","title":{"rendered":"Preparan expediente para declarar al Qhapac \u00d1an Patrimonio Mundial"},"content":{"rendered":"<p><body><\/p>\n<p><img decoding=\"async\" src=\"img3\/camino inca patrimonio Nac.jpg\" \/>  <\/p>\n<\/p>\n<p> La Paz, 1 may (PL), 8:52 am.-  El expediente de candidatura del Qhapac \u00d1an o Sistema Vial Andino para la nominaci\u00f3n a Patrimonio de la Humanidad estar\u00e1 listo para los pr\u00f3ximos meses, afirm\u00f3 el ministro de Culturas, Pablo Groux.<\/p>\n<\/p>\n<p>  En declaraciones al diario Cambio, el titular adelant\u00f3 que el documento de postulaci\u00f3n ser\u00e1 presentado el venidero 31 de agosto a la Organizaci\u00f3n de las Naciones Unidas para la Educaci\u00f3n, la Ciencia y la Cultura (Unesco), la encargada del veredicto.<\/p>\n<\/p>\n<p>Groux admiti\u00f3 que hasta esa fecha los representantes de los pa\u00edses involucrados en el Sistema Vial Andino- Argentina, Chile, Ecuador, Colombia, Per\u00fa y Bolivia,- tienen la intenci\u00f3n de coordinar y armonizar el expediente de postulaci\u00f3n, que est\u00e1 orientado a unificar el trabajo realizado por cada uno de los pa\u00edses parte.<\/p>\n<\/p>\n<p>La finalidad -record\u00f3- es armonizar un expediente \u00fanico para su pr\u00f3xima inclusi\u00f3n en la lista representativa del Patrimonio Mundial.<\/p>\n<\/p>\n<p>El Comit\u00e9 Editor del Qhapac \u00d1an se reuni\u00f3 desde la semana anterior en esta capital, con la presencia de Nuria Paz, jefa de la unidad de Am\u00e9rica Latina y el Caribe del Centro de Patrimonio Mundial de la Unesco.<\/p>\n<\/p>\n<p>En la reuni\u00f3n participaron delegados de los seis pa\u00edses a los cuales llegaba el referido camino, muchas de cuyas partes se intenta restaurar.<\/p>\n<\/p>\n<p>El Qhapac \u00d1an constituy\u00f3 la m\u00e1s importante red de comunicaciones del imperio Inca y sal\u00eda de Cusco, la capital, en cuatro direcciones, hasta alcanzar territorios de los actuales Per\u00fa, Bolivia, Argentina, Chile, Ecuador y Colombia.<\/p>\n<\/p>\n<p>El referido camino represent\u00f3 un s\u00edmbolo de poder del imperio Inca y constituy\u00f3 durante el Tahuantinsuyo un medio de integraci\u00f3n para el desarrollo de la cultura andina en los aspectos pol\u00edtico-administrativo, socioecon\u00f3mico, social, cultural y ambiental.<\/p>\n<\/p>\n<p>Cuando los conquistadores sometieron la capital del referido imperio, lo usaron para llegar a Bolivia, Chile y la zona alta de las pampas argentinas.<\/p>\n<h6> 2012-05-01 13:03:43 <\/h6>\n<p><!--\n<link rel=\"stylesheet\" href=\"css\/bootstrap.min.css\">\n\n\n<ul class=\"pagination\">\n\t    \n\t\n\n<li >\n\t<a href='?page_no=17462'>Previous<\/a>\n\t<\/li>\n\n\n       \n    \n\n<li><a href='?page_no=1'>1<\/a><\/li>\n\n\n\n<li><a href='?page_no=2'>2<\/a><\/li>\n\n\n\n<li><a>...<\/a><\/li>\n\n\n\n<li><a href='?page_no=17461'>17461<\/a><\/li>\n\n\n\n<li><a href='?page_no=17462'>17462<\/a><\/li>\n\n\n\n<li class='active'><a>17463<\/a><\/li>\n\n\n\n<li><a href='?page_no=17464'>17464<\/a><\/li>\n\n\n\n<li><a href='?page_no=17465'>17465<\/a><\/li>\n\n\n\n<li><a>...<\/a><\/li>\n\n\n\n<li><a href='?page_no=22911'>22911<\/a><\/li>\n\n\n\n<li><a href='?page_no=22912'>22912<\/a><\/li>\n\n    \n\t\n\n<li >\n\t<a href='?page_no=17464'>Next<\/a>\n\t<\/li>\n\n\n    \n\n<li><a href='?page_no=22912'>Last &rsaquo;&rsaquo;<\/a><\/li>\n\n<\/ul>\n\n\n--><br \/>\n<\/body><\/p>\n","protected":false},"excerpt":{"rendered":"<p>La Paz, 1 may (PL), 8:52 am.- El expediente de candidatura del Qhapac \u00d1an o Sistema Vial Andino para la nominaci\u00f3n a Patrimonio de la Humanidad estar\u00e1 listo para los pr\u00f3ximos meses, afirm\u00f3 el ministro de Culturas, Pablo Groux. En declaraciones al diario Cambio, el titular adelant\u00f3 que el documento de postulaci\u00f3n ser\u00e1 presentado el [&hellip;]<\/p>\n","protected":false},"author":3,"featured_media":0,"comment_status":"open","ping_status":"open","sticky":false,"template":"","format":"standard","meta":{"footnotes":""},"categories":[21],"tags":[],"class_list":["post-65785","post","type-post","status-publish","format-standard","hentry","category-cultura"],"_links":{"self":[{"href":"https:\/\/diariodominicano.com\/index.php?rest_route=\/wp\/v2\/posts\/65785","targetHints":{"allow":["GET"]}}],"collection":[{"href":"https:\/\/diariodominicano.com\/index.php?rest_route=\/wp\/v2\/posts"}],"about":[{"href":"https:\/\/diariodominicano.com\/index.php?rest_route=\/wp\/v2\/types\/post"}],"author":[{"embeddable":true,"href":"https:\/\/diariodominicano.com\/index.php?rest_route=\/wp\/v2\/users\/3"}],"replies":[{"embeddable":true,"href":"https:\/\/diariodominicano.com\/index.php?rest_route=%2Fwp%2Fv2%2Fcomments&post=65785"}],"version-history":[{"count":0,"href":"https:\/\/diariodominicano.com\/index.php?rest_route=\/wp\/v2\/posts\/65785\/revisions"}],"wp:attachment":[{"href":"https:\/\/diariodominicano.com\/index.php?rest_route=%2Fwp%2Fv2%2Fmedia&parent=65785"}],"wp:term":[{"taxonomy":"category","embeddable":true,"href":"https:\/\/diariodominicano.com\/index.php?rest_route=%2Fwp%2Fv2%2Fcategories&post=65785"},{"taxonomy":"post_tag","embeddable":true,"href":"https:\/\/diariodominicano.com\/index.php?rest_route=%2Fwp%2Fv2%2Ftags&post=65785"}],"curies":[{"name":"wp","href":"https:\/\/api.w.org\/{rel}","templated":true}]}}