{"id":65784,"date":"2012-05-01T17:17:59","date_gmt":"2012-05-01T17:17:59","guid":{"rendered":"http:\/\/diariodominicano.ddns.net\/?p=65784"},"modified":"2012-05-01T17:17:59","modified_gmt":"2012-05-01T17:17:59","slug":"inauguran-primera-bienal-de-arte-naif-del-caribe","status":"publish","type":"post","link":"https:\/\/diariodominicano.com\/?p=65784","title":{"rendered":"Inauguran primera bienal de arte Naif del Caribe"},"content":{"rendered":"<p><body><\/p>\n<p><img decoding=\"async\" src=\"img3\/inagur primera Biernal de arte.JPG\" \/>  <\/p>\n<p>                                                                .<\/p>\n<p>Santo Domingo, RD, 1 mayo, 1:05 pm.- La primera bienal de arte Naif del Caribe fue inaugurada a  en el Ayuntamiento local y estar\u00e1 abierta al p\u00fablico hasta el d\u00eda seis (6) de este mes, con exposiciones de 35 artistas de diferentes pa\u00edses y muestra de m\u00e1s de 100 obras pict\u00f3ricas.<\/p>\n<p>En tanto, el Alcalde Gilberto Serulle resalt\u00f3 la importancia del evento art\u00edstico-cultural e indic\u00f3 que la Alcald\u00eda aprovechar\u00e1 para beneficio de la poblaci\u00f3n y del desarrollo social, econ\u00f3mico y humano de todos los mun\u00edcipes.<\/p>\n<p>\u00abLa cita de hoy es para dar a conocer y promover por primera vez en nuestro pa\u00eds, sobre el arte Naif, por cual en coordinaci\u00f3n con la Uni\u00f3n Europea, decidimos patrocinar esta primera bienal, dedicada a la artista dom\u00ednico-curazole\u00f1a Jean Girigori\u00bb, expres\u00f3 el doctor Serulle.<\/p>\n<p>Indic\u00f3 que la bienal ser\u00e1 montada en esta ciudad cada dos a\u00f1os, para darle continuidad al evento cultural.<\/p>\n<p>Luego de las palabras de bienvenida del Alcalde Municipal, se dirigi\u00f3 al p\u00fablico el se\u00f1or Josu\u00e9 G\u00f3mez, director del departamento de Cultural del Cabildo.<\/p>\n<p>Mientras que el cr\u00edtico de arte y activista cultural Danilo de los Santos ofreci\u00f3 una conferencia  con el t\u00edtulo \u00abJean Girigori, una artista mujer y muestra del Caribe\u00bb.<\/p>\n<p>El profesor V\u00edctor Brens, director del departamento de Planificaci\u00f3n del Ayuntamiento, pronunci\u00f3 las palabras de clausura del evento.<\/p>\n<p>Al final fue presentado un concierto tradicional afrodescendiente dominicana y haitiana, a cargo de la Asociaci\u00f3n cultural La Negreta, con la participaci\u00f3n de los m\u00fasicos Jos\u00e9 Duluc, Josu\u00e9 G\u00f3mez y Jeovanny Guzm\u00e1n.<\/p>\n<p>Adem\u00e1s de Rep\u00fablica Dominicana, participan en la bienal, expositores de Cuba, Hait\u00ed y Curacao .<\/p>\n<p>Las actividades se iniciar\u00e1n desde las 9 de la ma\u00f1ana en el sal\u00f3n Juan Duarte del Ayuntamiento de Santiago<\/p>\n<\/p>\n<h6> 2012-05-01 17:17:59 <\/h6>\n<p><!--\n<link rel=\"stylesheet\" href=\"css\/bootstrap.min.css\">\n\n\n<ul class=\"pagination\">\n\t    \n\t\n\n<li >\n\t<a href='?page_no=17461'>Previous<\/a>\n\t<\/li>\n\n\n       \n    \n\n<li><a href='?page_no=1'>1<\/a><\/li>\n\n\n\n<li><a href='?page_no=2'>2<\/a><\/li>\n\n\n\n<li><a>...<\/a><\/li>\n\n\n\n<li><a href='?page_no=17460'>17460<\/a><\/li>\n\n\n\n<li><a href='?page_no=17461'>17461<\/a><\/li>\n\n\n\n<li class='active'><a>17462<\/a><\/li>\n\n\n\n<li><a href='?page_no=17463'>17463<\/a><\/li>\n\n\n\n<li><a href='?page_no=17464'>17464<\/a><\/li>\n\n\n\n<li><a>...<\/a><\/li>\n\n\n\n<li><a href='?page_no=22911'>22911<\/a><\/li>\n\n\n\n<li><a href='?page_no=22912'>22912<\/a><\/li>\n\n    \n\t\n\n<li >\n\t<a href='?page_no=17463'>Next<\/a>\n\t<\/li>\n\n\n    \n\n<li><a href='?page_no=22912'>Last &rsaquo;&rsaquo;<\/a><\/li>\n\n<\/ul>\n\n\n--><br \/>\n<\/body><\/p>\n","protected":false},"excerpt":{"rendered":"<p>. Santo Domingo, RD, 1 mayo, 1:05 pm.- La primera bienal de arte Naif del Caribe fue inaugurada a en el Ayuntamiento local y estar\u00e1 abierta al p\u00fablico hasta el d\u00eda seis (6) de este mes, con exposiciones de 35 artistas de diferentes pa\u00edses y muestra de m\u00e1s de 100 obras pict\u00f3ricas. En tanto, el [&hellip;]<\/p>\n","protected":false},"author":3,"featured_media":0,"comment_status":"open","ping_status":"open","sticky":false,"template":"","format":"standard","meta":{"footnotes":""},"categories":[21],"tags":[],"class_list":["post-65784","post","type-post","status-publish","format-standard","hentry","category-cultura"],"_links":{"self":[{"href":"https:\/\/diariodominicano.com\/index.php?rest_route=\/wp\/v2\/posts\/65784","targetHints":{"allow":["GET"]}}],"collection":[{"href":"https:\/\/diariodominicano.com\/index.php?rest_route=\/wp\/v2\/posts"}],"about":[{"href":"https:\/\/diariodominicano.com\/index.php?rest_route=\/wp\/v2\/types\/post"}],"author":[{"embeddable":true,"href":"https:\/\/diariodominicano.com\/index.php?rest_route=\/wp\/v2\/users\/3"}],"replies":[{"embeddable":true,"href":"https:\/\/diariodominicano.com\/index.php?rest_route=%2Fwp%2Fv2%2Fcomments&post=65784"}],"version-history":[{"count":0,"href":"https:\/\/diariodominicano.com\/index.php?rest_route=\/wp\/v2\/posts\/65784\/revisions"}],"wp:attachment":[{"href":"https:\/\/diariodominicano.com\/index.php?rest_route=%2Fwp%2Fv2%2Fmedia&parent=65784"}],"wp:term":[{"taxonomy":"category","embeddable":true,"href":"https:\/\/diariodominicano.com\/index.php?rest_route=%2Fwp%2Fv2%2Fcategories&post=65784"},{"taxonomy":"post_tag","embeddable":true,"href":"https:\/\/diariodominicano.com\/index.php?rest_route=%2Fwp%2Fv2%2Ftags&post=65784"}],"curies":[{"name":"wp","href":"https:\/\/api.w.org\/{rel}","templated":true}]}}