{"id":65783,"date":"2012-05-01T17:57:12","date_gmt":"2012-05-01T17:57:12","guid":{"rendered":"http:\/\/diariodominicano.ddns.net\/?p=65783"},"modified":"2012-05-01T17:57:12","modified_gmt":"2012-05-01T17:57:12","slug":"presentan-coleccion-de-poemas-ineditos-de-pedro-henriquez-urena","status":"publish","type":"post","link":"https:\/\/diariodominicano.com\/?p=65783","title":{"rendered":"Presentan colecci\u00f3n de poemas in\u00e9ditos de Pedro Henr\u00edquez Ure\u00f1a"},"content":{"rendered":"<p><body><\/p>\n<p><img decoding=\"async\" src=\"img3\/Circulacion libro Poesias.JPG\" \/><br \/><img decoding=\"async\" src=\"img3\/Libro Poesias.JPG\" \/>  <\/p>\n<\/p>\n<p>La obra, que lleva por t\u00edtulo \u00abVersos\u00bb, es un cuaderno de poemas de este gran intelectual dominicano, publicado como parte de la Colecci\u00f3n Cl\u00e1sicos Dominicanos, de la Editora Nacional.<\/p>\n<\/p>\n<p>Santo Domingo, RD, 1 mayo, 1:56 pm.-  Como una manera de continuar difundiendo la labor literaria del poeta, fil\u00f3logo, ensayista y educador Pedro Henr\u00edquez Ure\u00f1a, se present\u00f3 la obra \u00abVersos\u00bb, una colecci\u00f3n de poemas in\u00e9ditos de este gran intelectual dominicano, en el Pabell\u00f3n de Escritores Dominicanos.<\/p>\n<\/p>\n<p>Se trata de un cuaderno de poemas y traducciones publicados en la Colecci\u00f3n Cl\u00e1sicos Dominicanos, de la Editora Nacional.<\/p>\n<\/p>\n<p>El manuscrito fue entregado al Ministerio de Cultura, para su publicaci\u00f3n, por el catedr\u00e1tico de Literatura de la Universidad de Toronto, N\u00e9stor Rodr\u00edguez, quien lo encontr\u00f3 tras hurgar entre cientos de cartas, telegramas, facturas, notas, recortes de prensa y otros manuscritos que estuvieron en  manos de Sonia Henr\u00edquez, hija del fenecido escritor,  hasta septiembre de 2006, cuando el archivo personal de Pedro Henr\u00edquez Ure\u00f1a pas\u00f3 a manos del Colegio de M\u00e9xico. <\/p>\n<\/p>\n<p>El acto de presentaci\u00f3n estuvo presidido por el director de la Editora Nacional, Le\u00f3n F\u00e9lix Batista, acompa\u00f1ado por Eva Guerrero, coencargada de la C\u00e1tedra Pedro Henr\u00edquez Ure\u00f1a de la Universidad de Salamanca, quien tuvo a su cargo la presentaci\u00f3n de la obra.<\/p>\n<\/p>\n<p>Guerrero, quien tambi\u00e9n es autora del ensayo \u00abPedro Henr\u00edquez Ure\u00f1a y el Ateneo de M\u00e9xico: la clasicidad como criterio est\u00e9tico educativo\u00bb, expres\u00f3 que, como conocedora de la obra de Henr\u00edquez Ure\u00f1a, entiende que si \u00e9l estuviera vivo, estar\u00eda orgullos\u00edsimo de que se publicaran sus creaciones literarias en Rep\u00fablica Dominicana, ya que \u00aba \u00e9l siempre le interes\u00f3 que sus obras se publicaran en su pa\u00eds natal, antes que en otro pa\u00eds\u00bb.<\/p>\n<\/p>\n<p>Destac\u00f3 que, pese a que se cree que el autor de \u00abLa utop\u00eda de Am\u00e9rica\u00bb no volvi\u00f3 a incursionar en la poes\u00eda despu\u00e9s de haber escrito estos poemas,  en los mismos se pone de manifiesto la coherencia de su pensamiento, de sus ideales patri\u00f3ticos y el valor que siempre dio a la cultura.  <\/p>\n<\/p>\n<p>La especialista en Literatura Latinoamericana valor\u00f3, adem\u00e1s, la iniciativa del MINC de publicar este cuaderno de poemas de Henr\u00edquez Ure\u00f1a, y exhort\u00f3 a que se sigan publicando libros de su autor\u00eda. \u00abExhorto que se coloque a Pedro Henr\u00edquez Ure\u00f1a en las calles de la Rep\u00fablica Dominicana y en las universidades, que se difunda la literatura de este humanista convencido, dominicano convencido, a pesar de su saber universal\u00bb.<\/p>\n<\/p>\n<p>Tambi\u00e9n inst\u00f3 a los j\u00f3venes presentes en el acto a que lean la obra del ensayista y poeta, \u00abpara que puedan conocer el legado de un gran intelectual que nos ense\u00f1\u00f3 (a las posteriores generaciones) a pensar las cosas desde su ra\u00edz\u00bb. (MC)<\/p>\n<h6> 2012-05-01 17:57:12 <\/h6>\n<p><!--\n<link rel=\"stylesheet\" href=\"css\/bootstrap.min.css\">\n\n\n<ul class=\"pagination\">\n\t    \n\t\n\n<li >\n\t<a href='?page_no=17460'>Previous<\/a>\n\t<\/li>\n\n\n       \n    \n\n<li><a href='?page_no=1'>1<\/a><\/li>\n\n\n\n<li><a href='?page_no=2'>2<\/a><\/li>\n\n\n\n<li><a>...<\/a><\/li>\n\n\n\n<li><a href='?page_no=17459'>17459<\/a><\/li>\n\n\n\n<li><a href='?page_no=17460'>17460<\/a><\/li>\n\n\n\n<li class='active'><a>17461<\/a><\/li>\n\n\n\n<li><a href='?page_no=17462'>17462<\/a><\/li>\n\n\n\n<li><a href='?page_no=17463'>17463<\/a><\/li>\n\n\n\n<li><a>...<\/a><\/li>\n\n\n\n<li><a href='?page_no=22911'>22911<\/a><\/li>\n\n\n\n<li><a href='?page_no=22912'>22912<\/a><\/li>\n\n    \n\t\n\n<li >\n\t<a href='?page_no=17462'>Next<\/a>\n\t<\/li>\n\n\n    \n\n<li><a href='?page_no=22912'>Last &rsaquo;&rsaquo;<\/a><\/li>\n\n<\/ul>\n\n\n--><br \/>\n<\/body><\/p>\n","protected":false},"excerpt":{"rendered":"<p>La obra, que lleva por t\u00edtulo \u00abVersos\u00bb, es un cuaderno de poemas de este gran intelectual dominicano, publicado como parte de la Colecci\u00f3n Cl\u00e1sicos Dominicanos, de la Editora Nacional. Santo Domingo, RD, 1 mayo, 1:56 pm.- Como una manera de continuar difundiendo la labor literaria del poeta, fil\u00f3logo, ensayista y educador Pedro Henr\u00edquez Ure\u00f1a, se [&hellip;]<\/p>\n","protected":false},"author":3,"featured_media":0,"comment_status":"open","ping_status":"open","sticky":false,"template":"","format":"standard","meta":{"footnotes":""},"categories":[21],"tags":[],"class_list":["post-65783","post","type-post","status-publish","format-standard","hentry","category-cultura"],"_links":{"self":[{"href":"https:\/\/diariodominicano.com\/index.php?rest_route=\/wp\/v2\/posts\/65783","targetHints":{"allow":["GET"]}}],"collection":[{"href":"https:\/\/diariodominicano.com\/index.php?rest_route=\/wp\/v2\/posts"}],"about":[{"href":"https:\/\/diariodominicano.com\/index.php?rest_route=\/wp\/v2\/types\/post"}],"author":[{"embeddable":true,"href":"https:\/\/diariodominicano.com\/index.php?rest_route=\/wp\/v2\/users\/3"}],"replies":[{"embeddable":true,"href":"https:\/\/diariodominicano.com\/index.php?rest_route=%2Fwp%2Fv2%2Fcomments&post=65783"}],"version-history":[{"count":0,"href":"https:\/\/diariodominicano.com\/index.php?rest_route=\/wp\/v2\/posts\/65783\/revisions"}],"wp:attachment":[{"href":"https:\/\/diariodominicano.com\/index.php?rest_route=%2Fwp%2Fv2%2Fmedia&parent=65783"}],"wp:term":[{"taxonomy":"category","embeddable":true,"href":"https:\/\/diariodominicano.com\/index.php?rest_route=%2Fwp%2Fv2%2Fcategories&post=65783"},{"taxonomy":"post_tag","embeddable":true,"href":"https:\/\/diariodominicano.com\/index.php?rest_route=%2Fwp%2Fv2%2Ftags&post=65783"}],"curies":[{"name":"wp","href":"https:\/\/api.w.org\/{rel}","templated":true}]}}