{"id":65781,"date":"2012-05-02T15:59:12","date_gmt":"2012-05-02T15:59:12","guid":{"rendered":"http:\/\/diariodominicano.ddns.net\/?p=65781"},"modified":"2012-05-02T15:59:12","modified_gmt":"2012-05-02T15:59:12","slug":"exposicion-revive-a-la-actriz-maria-montez-en-centenario-de-su-nacimiento","status":"publish","type":"post","link":"https:\/\/diariodominicano.com\/?p=65781","title":{"rendered":"Exposici\u00f3n revive a la actriz Mar\u00eda Montez, en centenario de su nacimiento"},"content":{"rendered":"<p><body><\/p>\n<p><span class=\"text1noticias\">Santo Domingo RD 2 mayo (11:55 am).- Una muestra fotogr\u00e1fica revive estos d\u00edas en la capital de la Rep\u00fablica Dominicana a la actriz local Mar\u00eda Montez, quien conquist\u00f3 Hollywood en la d\u00e9cada de los cuarenta y se gan\u00f3 el t\u00edtulo de \u00abLa reina del tecnicolor\u00bb, y de cuyo nacimiento se celebrar\u00e1n cien a\u00f1os el pr\u00f3ximo 6 de junio. <\/span><\/p>\n<\/p>\n<p><span class=\"text1noticias\">La Exposici\u00f3n Homenaje a Mar\u00eda Montez, que permanecer\u00e1 abierta al p\u00fablico hasta el pr\u00f3ximo domingo, recoge diferentes momentos de la vida cinematogr\u00e1fica de Montez, quien naci\u00f3 el 6 de junio de 1912 en Barahona (suroeste dominicano) y falleci\u00f3 en Par\u00eds el 7 de septiembre de 1951, al parecer, de un ataque al coraz\u00f3n mientras se ba\u00f1aba.<\/span><\/p>\n<\/p>\n<p><span class=\"text1noticias\">Pero tambi\u00e9n recoge informaci\u00f3n sobre la vida y obra de la dominicana, cuyo verdadero nombre era Mar\u00eda \u00c1frica Gracia Vidal, y que se destac\u00f3 en pel\u00edculas de aventuras como \u00abLas mil y una noches\u00bb (1942), \u00abLa salvaje blanca\u00bb (1943), \u00abLa reina de cobra\u00bb (1944), y \u00abSud\u00e1n\u00bb (1945), entre otras.<\/span><\/p>\n<\/p>\n<p><span class=\"text1noticias\">La exposici\u00f3n se realiza en el marco de la XV Feria Internacional del Libro de Santo Domingo, que inici\u00f3 el pasado 18 de abril en la Plaza de la Cultura de la capital dominicana, y forma parte de una serie de actividades que se organizan para conmemorar el centenario del nacimiento de la histri\u00f3n, hija de un diplom\u00e1tico espa\u00f1ol y una dominicana.<\/span><\/p>\n<\/p>\n<p><span class=\"text1noticias\">A principios de junio, la citada muestra se trasladar\u00e1 a Barahona, en julio al Palacio Consistorial de Santiago (norte) y posteriormente a Nueva York, seg\u00fan el programa elaborado por dicho Ministerio y la Comisi\u00f3n para el Centenario de Mar\u00eda Montez<\/span><\/p>\n<\/p>\n<p><span class=\"text1noticias\">El calendario incluye, adem\u00e1s, la celebraci\u00f3n del 1 al 9 de junio del montaje teatral \u00abMar\u00eda Montez, la reina del Technicolor\u00bb, con la actriz dominicana residente en EE.UU. Dalia Davi, que se celebrar\u00e1 en el Teatro Nacional de Santo Domingo y en el Gran Teatro del Cibao, en la norte\u00f1a provincia de Santiago.<\/span><\/p>\n<\/p>\n<p><span class=\"text1noticias\">El 6 de junio, aniversario del nacimiento de la actriz, se realizar\u00e1n simult\u00e1neamente dos oficios religiosos en Santo Domingo y Barahona, mientras que en la noche tendr\u00e1 lugar un concierto de gala de la Orquesta Sinf\u00f3nica Nacional en el auditorio del Centro Universitario Regional del Sur de su ciudad natal.<\/span><\/p>\n<\/p>\n<p><span class=\"text1noticias\">El mismo d\u00eda, en Santo Domingo, se inaugurar\u00e1 la Gran Colectiva de Dise\u00f1adores en honor a Montez en la Galer\u00eda Nacional de Bellas Artes, la cual se extender\u00e1 hasta el 15 de agosto.AD<\/span>.<\/p>\n<\/p>\n<\/p>\n<h6> 2012-05-02 15:59:12 <\/h6>\n<p><!--\n<link rel=\"stylesheet\" href=\"css\/bootstrap.min.css\">\n\n\n<ul class=\"pagination\">\n\t    \n\t\n\n<li >\n\t<a href='?page_no=17458'>Previous<\/a>\n\t<\/li>\n\n\n       \n    \n\n<li><a href='?page_no=1'>1<\/a><\/li>\n\n\n\n<li><a href='?page_no=2'>2<\/a><\/li>\n\n\n\n<li><a>...<\/a><\/li>\n\n\n\n<li><a href='?page_no=17457'>17457<\/a><\/li>\n\n\n\n<li><a href='?page_no=17458'>17458<\/a><\/li>\n\n\n\n<li class='active'><a>17459<\/a><\/li>\n\n\n\n<li><a href='?page_no=17460'>17460<\/a><\/li>\n\n\n\n<li><a href='?page_no=17461'>17461<\/a><\/li>\n\n\n\n<li><a>...<\/a><\/li>\n\n\n\n<li><a href='?page_no=22911'>22911<\/a><\/li>\n\n\n\n<li><a href='?page_no=22912'>22912<\/a><\/li>\n\n    \n\t\n\n<li >\n\t<a href='?page_no=17460'>Next<\/a>\n\t<\/li>\n\n\n    \n\n<li><a href='?page_no=22912'>Last &rsaquo;&rsaquo;<\/a><\/li>\n\n<\/ul>\n\n\n--><br \/>\n<\/body><\/p>\n","protected":false},"excerpt":{"rendered":"<p>Santo Domingo RD 2 mayo (11:55 am).- Una muestra fotogr\u00e1fica revive estos d\u00edas en la capital de la Rep\u00fablica Dominicana a la actriz local Mar\u00eda Montez, quien conquist\u00f3 Hollywood en la d\u00e9cada de los cuarenta y se gan\u00f3 el t\u00edtulo de \u00abLa reina del tecnicolor\u00bb, y de cuyo nacimiento se celebrar\u00e1n cien a\u00f1os el pr\u00f3ximo [&hellip;]<\/p>\n","protected":false},"author":3,"featured_media":0,"comment_status":"open","ping_status":"open","sticky":false,"template":"","format":"standard","meta":{"footnotes":""},"categories":[21],"tags":[],"class_list":["post-65781","post","type-post","status-publish","format-standard","hentry","category-cultura"],"_links":{"self":[{"href":"https:\/\/diariodominicano.com\/index.php?rest_route=\/wp\/v2\/posts\/65781","targetHints":{"allow":["GET"]}}],"collection":[{"href":"https:\/\/diariodominicano.com\/index.php?rest_route=\/wp\/v2\/posts"}],"about":[{"href":"https:\/\/diariodominicano.com\/index.php?rest_route=\/wp\/v2\/types\/post"}],"author":[{"embeddable":true,"href":"https:\/\/diariodominicano.com\/index.php?rest_route=\/wp\/v2\/users\/3"}],"replies":[{"embeddable":true,"href":"https:\/\/diariodominicano.com\/index.php?rest_route=%2Fwp%2Fv2%2Fcomments&post=65781"}],"version-history":[{"count":0,"href":"https:\/\/diariodominicano.com\/index.php?rest_route=\/wp\/v2\/posts\/65781\/revisions"}],"wp:attachment":[{"href":"https:\/\/diariodominicano.com\/index.php?rest_route=%2Fwp%2Fv2%2Fmedia&parent=65781"}],"wp:term":[{"taxonomy":"category","embeddable":true,"href":"https:\/\/diariodominicano.com\/index.php?rest_route=%2Fwp%2Fv2%2Fcategories&post=65781"},{"taxonomy":"post_tag","embeddable":true,"href":"https:\/\/diariodominicano.com\/index.php?rest_route=%2Fwp%2Fv2%2Ftags&post=65781"}],"curies":[{"name":"wp","href":"https:\/\/api.w.org\/{rel}","templated":true}]}}