{"id":65779,"date":"2012-05-02T16:14:52","date_gmt":"2012-05-02T16:14:52","guid":{"rendered":"http:\/\/diariodominicano.ddns.net\/?p=65779"},"modified":"2012-05-02T16:14:52","modified_gmt":"2012-05-02T16:14:52","slug":"filme-paraguayo-obtiene-nominaciones-para-premios-cinema-tropical","status":"publish","type":"post","link":"https:\/\/diariodominicano.com\/?p=65779","title":{"rendered":"Filme paraguayo obtiene nominaciones para premios Cinema Tropical"},"content":{"rendered":"<p><body><\/p>\n<p><img decoding=\"async\" src=\"img3\/cult cuchillo palo.jpg\" \/>  <\/p>\n<p>Asunci\u00f3n, 2 may (PL), 12:07 pm.- El filme documental paraguayo \u00abCuchillo de palo\u00bb, de Renato Costa, fue nominado hoy para Mejor Documental y Mejor Pel\u00edcula Documental de los premios Cinema Tropical, galardones para los cuales compiten producciones de diversos pa\u00edses latinoamericanos.<\/p>\n<\/p>\n<p>La pel\u00edcula, junto a otras de Argentina, M\u00e9xico, Per\u00fa, Chile y Brasil, fue seleccionada por un comit\u00e9 de profesionales del sector, integrado por cineastas de Latinoam\u00e9rica, Estados Unidos y Europa.<\/p>\n<\/p>\n<p>Esa producci\u00f3n recibi\u00f3 ya numerosos premios internacionales, entre ellos, del Festival de Cine de Belfort, Festival de Cine Internacional de Guadalara y como Mejor pel\u00edcula sobre los derechos humanos en el Festival Internacional de Cine Independiente de Buenos Aires.<\/p>\n<\/p>\n<p>Igualmente, recibi\u00f3 el galard\u00f3n de mejor documental en el festival de cine de Berl\u00edn y mejor documental en el Festival de M\u00e0laga del 2010.<\/p>\n<\/p>\n<p>\u00abCuchillo de palo\u00bb trata sobre la persecuci\u00f3n a un joven homosexual paraguayo durante la dictadura de Alfredo Stroessner en Paraguay p or oponerse a ese r\u00e9gimen de fuerza.<\/p>\n<h6> 2012-05-02 16:14:52 <\/h6>\n<p><!--\n<link rel=\"stylesheet\" href=\"css\/bootstrap.min.css\">\n\n\n<ul class=\"pagination\">\n\t    \n\t\n\n<li >\n\t<a href='?page_no=17456'>Previous<\/a>\n\t<\/li>\n\n\n       \n    \n\n<li><a href='?page_no=1'>1<\/a><\/li>\n\n\n\n<li><a href='?page_no=2'>2<\/a><\/li>\n\n\n\n<li><a>...<\/a><\/li>\n\n\n\n<li><a href='?page_no=17455'>17455<\/a><\/li>\n\n\n\n<li><a href='?page_no=17456'>17456<\/a><\/li>\n\n\n\n<li class='active'><a>17457<\/a><\/li>\n\n\n\n<li><a href='?page_no=17458'>17458<\/a><\/li>\n\n\n\n<li><a href='?page_no=17459'>17459<\/a><\/li>\n\n\n\n<li><a>...<\/a><\/li>\n\n\n\n<li><a href='?page_no=22911'>22911<\/a><\/li>\n\n\n\n<li><a href='?page_no=22912'>22912<\/a><\/li>\n\n    \n\t\n\n<li >\n\t<a href='?page_no=17458'>Next<\/a>\n\t<\/li>\n\n\n    \n\n<li><a href='?page_no=22912'>Last &rsaquo;&rsaquo;<\/a><\/li>\n\n<\/ul>\n\n\n--><br \/>\n<\/body><\/p>\n","protected":false},"excerpt":{"rendered":"<p>Asunci\u00f3n, 2 may (PL), 12:07 pm.- El filme documental paraguayo \u00abCuchillo de palo\u00bb, de Renato Costa, fue nominado hoy para Mejor Documental y Mejor Pel\u00edcula Documental de los premios Cinema Tropical, galardones para los cuales compiten producciones de diversos pa\u00edses latinoamericanos. La pel\u00edcula, junto a otras de Argentina, M\u00e9xico, Per\u00fa, Chile y Brasil, fue seleccionada [&hellip;]<\/p>\n","protected":false},"author":3,"featured_media":0,"comment_status":"open","ping_status":"open","sticky":false,"template":"","format":"standard","meta":{"footnotes":""},"categories":[21],"tags":[],"class_list":["post-65779","post","type-post","status-publish","format-standard","hentry","category-cultura"],"_links":{"self":[{"href":"https:\/\/diariodominicano.com\/index.php?rest_route=\/wp\/v2\/posts\/65779","targetHints":{"allow":["GET"]}}],"collection":[{"href":"https:\/\/diariodominicano.com\/index.php?rest_route=\/wp\/v2\/posts"}],"about":[{"href":"https:\/\/diariodominicano.com\/index.php?rest_route=\/wp\/v2\/types\/post"}],"author":[{"embeddable":true,"href":"https:\/\/diariodominicano.com\/index.php?rest_route=\/wp\/v2\/users\/3"}],"replies":[{"embeddable":true,"href":"https:\/\/diariodominicano.com\/index.php?rest_route=%2Fwp%2Fv2%2Fcomments&post=65779"}],"version-history":[{"count":0,"href":"https:\/\/diariodominicano.com\/index.php?rest_route=\/wp\/v2\/posts\/65779\/revisions"}],"wp:attachment":[{"href":"https:\/\/diariodominicano.com\/index.php?rest_route=%2Fwp%2Fv2%2Fmedia&parent=65779"}],"wp:term":[{"taxonomy":"category","embeddable":true,"href":"https:\/\/diariodominicano.com\/index.php?rest_route=%2Fwp%2Fv2%2Fcategories&post=65779"},{"taxonomy":"post_tag","embeddable":true,"href":"https:\/\/diariodominicano.com\/index.php?rest_route=%2Fwp%2Fv2%2Ftags&post=65779"}],"curies":[{"name":"wp","href":"https:\/\/api.w.org\/{rel}","templated":true}]}}