{"id":65778,"date":"2012-05-02T16:23:20","date_gmt":"2012-05-02T16:23:20","guid":{"rendered":"http:\/\/diariodominicano.ddns.net\/?p=65778"},"modified":"2012-05-02T16:23:20","modified_gmt":"2012-05-02T16:23:20","slug":"gran-retrospectiva-de-miro-en-galeria-nacional-de-arte-en-washington","status":"publish","type":"post","link":"https:\/\/diariodominicano.com\/?p=65778","title":{"rendered":"Gran retrospectiva de Mir\u00f3 en Galer\u00eda Nacional de Arte, en Washington"},"content":{"rendered":"<p><body><\/p>\n<p>Washington, 2 may (PL), 12:16 pm.-   Una exposici\u00f3n retrospectiva del pintor espa\u00f1ol Joan Mir\u00f3 (1893-1983) presentar\u00e1 el pr\u00f3ximo domingo unas 120 obras al p\u00fablico de esta capital, en la Galer\u00eda Nacional de Arte.<\/p>\n<\/p>\n<p>  Presentada con anterioridad en la Galer\u00eda Tate, de Londres, y el Museo Mir\u00f3, de Barcelona, la muestra propone un recorrido a lo largo de seis d\u00e9cadas de producci\u00f3n de uno de los m\u00e1s sobresalientes cultores del surrealismo, informaron medios de prensa locales.<\/p>\n<\/p>\n<p>De acuerdo con los organizadores, los concurrentes descubrir\u00e1n a un Mir\u00f3 en su faceta creativa m\u00e1s comprometida, fruto de las circunstancias turbulentas vividas en Espa\u00f1a y Europa durante la pasada centuria.<\/p>\n<\/p>\n<p>\u00abLleg\u00f3 el momento de presentarlo de una forma diferente, m\u00e1s exhaustiva\u00bb, manifest\u00f3 aqu\u00ed la v\u00edspera el vicedirector del Instituto cultural catal\u00e1n Ram\u00f3n Llull, Alex Susana.<\/p>\n<\/p>\n<p>El directivo afirm\u00f3 que Mir\u00f3, conocido por su arte abstracto, su colorido y la austeridad de su trazo, fue, sin embargo, \u00abmuy claro en cuanto a sus posiciones pol\u00edticas\u00bb en defensa de la cultura catalana durante la dictadura de Francisco Franco.<\/p>\n<\/p>\n<p>Aun cuando no milit\u00f3 abiertamente, el artista catal\u00e1n tom\u00f3 parte en el hist\u00f3rico pabell\u00f3n republicano, organizado durante la Exposici\u00f3n Universal de Par\u00eds en 1937, mientras se desarrollaba la guerra cuvil espa\u00f1ola (1936-1939) y dise\u00f1o el sello Aidez L&#8217;Espagne (Ayuda a Espa\u00f1a), para recabar fondos en apoyo a la Rep\u00fablica.<\/p>\n<\/p>\n<p>A su retorno a Espa\u00f1a -para entonces franquista-, luego de la invasi\u00f3n alemana en 1940 a suelo franc\u00e9s, el creador comenz\u00f3 un largo periodo de aislamiento en la isla de Mallorca y su estilo se hizo cada vez m\u00e1s el\u00edptico.<\/p>\n<\/p>\n<p>En 1968, Mir\u00f3 desair\u00f3 una muestra organizada por el r\u00e9gimen de Franco para celebrar sus 75 a\u00f1os y, m\u00e1s tarde, tambi\u00e9n patentiz\u00f3 su desafecto a la dictadura en la pieza La esperanza del condenado a muerte (1974), inspirada en la ejecuci\u00f3n del anarquista catal\u00e1n Salvador Puig Antich.<\/p>\n<h6> 2012-05-02 16:23:20 <\/h6>\n<p><!--\n<link rel=\"stylesheet\" href=\"css\/bootstrap.min.css\">\n\n\n<ul class=\"pagination\">\n\t    \n\t\n\n<li >\n\t<a href='?page_no=17455'>Previous<\/a>\n\t<\/li>\n\n\n       \n    \n\n<li><a href='?page_no=1'>1<\/a><\/li>\n\n\n\n<li><a href='?page_no=2'>2<\/a><\/li>\n\n\n\n<li><a>...<\/a><\/li>\n\n\n\n<li><a href='?page_no=17454'>17454<\/a><\/li>\n\n\n\n<li><a href='?page_no=17455'>17455<\/a><\/li>\n\n\n\n<li class='active'><a>17456<\/a><\/li>\n\n\n\n<li><a href='?page_no=17457'>17457<\/a><\/li>\n\n\n\n<li><a href='?page_no=17458'>17458<\/a><\/li>\n\n\n\n<li><a>...<\/a><\/li>\n\n\n\n<li><a href='?page_no=22911'>22911<\/a><\/li>\n\n\n\n<li><a href='?page_no=22912'>22912<\/a><\/li>\n\n    \n\t\n\n<li >\n\t<a href='?page_no=17457'>Next<\/a>\n\t<\/li>\n\n\n    \n\n<li><a href='?page_no=22912'>Last &rsaquo;&rsaquo;<\/a><\/li>\n\n<\/ul>\n\n\n--><br \/>\n<\/body><\/p>\n","protected":false},"excerpt":{"rendered":"<p>Washington, 2 may (PL), 12:16 pm.- Una exposici\u00f3n retrospectiva del pintor espa\u00f1ol Joan Mir\u00f3 (1893-1983) presentar\u00e1 el pr\u00f3ximo domingo unas 120 obras al p\u00fablico de esta capital, en la Galer\u00eda Nacional de Arte. Presentada con anterioridad en la Galer\u00eda Tate, de Londres, y el Museo Mir\u00f3, de Barcelona, la muestra propone un recorrido a lo [&hellip;]<\/p>\n","protected":false},"author":3,"featured_media":0,"comment_status":"open","ping_status":"open","sticky":false,"template":"","format":"standard","meta":{"footnotes":""},"categories":[21],"tags":[],"class_list":["post-65778","post","type-post","status-publish","format-standard","hentry","category-cultura"],"_links":{"self":[{"href":"https:\/\/diariodominicano.com\/index.php?rest_route=\/wp\/v2\/posts\/65778","targetHints":{"allow":["GET"]}}],"collection":[{"href":"https:\/\/diariodominicano.com\/index.php?rest_route=\/wp\/v2\/posts"}],"about":[{"href":"https:\/\/diariodominicano.com\/index.php?rest_route=\/wp\/v2\/types\/post"}],"author":[{"embeddable":true,"href":"https:\/\/diariodominicano.com\/index.php?rest_route=\/wp\/v2\/users\/3"}],"replies":[{"embeddable":true,"href":"https:\/\/diariodominicano.com\/index.php?rest_route=%2Fwp%2Fv2%2Fcomments&post=65778"}],"version-history":[{"count":0,"href":"https:\/\/diariodominicano.com\/index.php?rest_route=\/wp\/v2\/posts\/65778\/revisions"}],"wp:attachment":[{"href":"https:\/\/diariodominicano.com\/index.php?rest_route=%2Fwp%2Fv2%2Fmedia&parent=65778"}],"wp:term":[{"taxonomy":"category","embeddable":true,"href":"https:\/\/diariodominicano.com\/index.php?rest_route=%2Fwp%2Fv2%2Fcategories&post=65778"},{"taxonomy":"post_tag","embeddable":true,"href":"https:\/\/diariodominicano.com\/index.php?rest_route=%2Fwp%2Fv2%2Ftags&post=65778"}],"curies":[{"name":"wp","href":"https:\/\/api.w.org\/{rel}","templated":true}]}}