{"id":65776,"date":"2012-05-02T16:47:05","date_gmt":"2012-05-02T16:47:05","guid":{"rendered":"http:\/\/diariodominicano.ddns.net\/?p=65776"},"modified":"2012-05-02T16:47:05","modified_gmt":"2012-05-02T16:47:05","slug":"cultura-indigena-ecuatoriana-en-feria-de-paris","status":"publish","type":"post","link":"https:\/\/diariodominicano.com\/?p=65776","title":{"rendered":"Cultura ind\u00edgena ecuatoriana en Feria de Par\u00eds"},"content":{"rendered":"<p><body><\/p>\n<\/p>\n<p>Par\u00eds, 2 may (PL), 12:42 pm.-  Gran variedad de art\u00edculos artesanales, representativos de la riqueza de la cultura ind\u00edgena, exhibe hoy Ecuador en la Feria de Par\u00eds que sesiona en el Parque de Exposiciones de la Puerta de Versalles.<\/p>\n<\/p>\n<p>Sombreros, ponchos y tapices de colores, en los cuales se combinan la creatividad y la herencia ancestral, sobresalen en el pabell\u00f3n Tierras del Tr\u00f3pico de este evento, que ya tiene m\u00e1s de un siglo de existencia.<\/p>\n<\/p>\n<p>\u00abNuestro producto esencial es el sombrero de paja Toquilla, mal llamado de Panam\u00e1, cuyo verdadero origen est\u00e1 en Ecuador\u00bb, declar\u00f3 a Prensa Latina la representante de la empresa Arte T\u00edpico, Yasmina Ar\u00e9valo.<\/p>\n<\/p>\n<p>Explic\u00f3 que la paja con la cual se confecciona este sombrero proviene de una planta cuyo nombre cient\u00edfico es Carludovica Palmata, que s\u00f3lo crece en Suram\u00e9rica, la cual le da una textura y una suavidad al art\u00edculo elaborado, muy apreciado en Europa y en todo el mundo.<\/p>\n<\/p>\n<p>Adem\u00e1s Ecuador presenta una gran variedad de textiles, ponchos, casacas y camisas de algod\u00f3n.<\/p>\n<\/p>\n<p>\u00abTenemos un legado bien grande en las artesan\u00edas, que vienen de nuestros antepasados, representan nuestra cultura y nuestra identidad\u00bb, dijo.<\/p>\n<\/p>\n<p>Ecuador participa desde hace 20 a\u00f1os en la Feria de Par\u00eds, donde en la presente edici\u00f3n est\u00e1n representados unos tres mil expositores de 70 pa\u00edses.<\/p>\n<\/p>\n<p>\u00abNuestra presencia aqu\u00ed es muy importante porque podemos expandir nuestros productos y dar a conocer nuestro trabajo en el mundo\u00bb, expres\u00f3 Ar\u00e9valo.<\/p>\n<\/p>\n<p>El evento comenz\u00f3 el pasado 27 de abril y se extender\u00e1 hasta el 8 de mayo.<\/p>\n<h6> 2012-05-02 16:47:05 <\/h6>\n<p><!--\n<link rel=\"stylesheet\" href=\"css\/bootstrap.min.css\">\n\n\n<ul class=\"pagination\">\n\t    \n\t\n\n<li >\n\t<a href='?page_no=17453'>Previous<\/a>\n\t<\/li>\n\n\n       \n    \n\n<li><a href='?page_no=1'>1<\/a><\/li>\n\n\n\n<li><a href='?page_no=2'>2<\/a><\/li>\n\n\n\n<li><a>...<\/a><\/li>\n\n\n\n<li><a href='?page_no=17452'>17452<\/a><\/li>\n\n\n\n<li><a href='?page_no=17453'>17453<\/a><\/li>\n\n\n\n<li class='active'><a>17454<\/a><\/li>\n\n\n\n<li><a href='?page_no=17455'>17455<\/a><\/li>\n\n\n\n<li><a href='?page_no=17456'>17456<\/a><\/li>\n\n\n\n<li><a>...<\/a><\/li>\n\n\n\n<li><a href='?page_no=22911'>22911<\/a><\/li>\n\n\n\n<li><a href='?page_no=22912'>22912<\/a><\/li>\n\n    \n\t\n\n<li >\n\t<a href='?page_no=17455'>Next<\/a>\n\t<\/li>\n\n\n    \n\n<li><a href='?page_no=22912'>Last &rsaquo;&rsaquo;<\/a><\/li>\n\n<\/ul>\n\n\n--><br \/>\n<\/body><\/p>\n","protected":false},"excerpt":{"rendered":"<p>Par\u00eds, 2 may (PL), 12:42 pm.- Gran variedad de art\u00edculos artesanales, representativos de la riqueza de la cultura ind\u00edgena, exhibe hoy Ecuador en la Feria de Par\u00eds que sesiona en el Parque de Exposiciones de la Puerta de Versalles. Sombreros, ponchos y tapices de colores, en los cuales se combinan la creatividad y la herencia [&hellip;]<\/p>\n","protected":false},"author":3,"featured_media":0,"comment_status":"open","ping_status":"open","sticky":false,"template":"","format":"standard","meta":{"footnotes":""},"categories":[21],"tags":[],"class_list":["post-65776","post","type-post","status-publish","format-standard","hentry","category-cultura"],"_links":{"self":[{"href":"https:\/\/diariodominicano.com\/index.php?rest_route=\/wp\/v2\/posts\/65776","targetHints":{"allow":["GET"]}}],"collection":[{"href":"https:\/\/diariodominicano.com\/index.php?rest_route=\/wp\/v2\/posts"}],"about":[{"href":"https:\/\/diariodominicano.com\/index.php?rest_route=\/wp\/v2\/types\/post"}],"author":[{"embeddable":true,"href":"https:\/\/diariodominicano.com\/index.php?rest_route=\/wp\/v2\/users\/3"}],"replies":[{"embeddable":true,"href":"https:\/\/diariodominicano.com\/index.php?rest_route=%2Fwp%2Fv2%2Fcomments&post=65776"}],"version-history":[{"count":0,"href":"https:\/\/diariodominicano.com\/index.php?rest_route=\/wp\/v2\/posts\/65776\/revisions"}],"wp:attachment":[{"href":"https:\/\/diariodominicano.com\/index.php?rest_route=%2Fwp%2Fv2%2Fmedia&parent=65776"}],"wp:term":[{"taxonomy":"category","embeddable":true,"href":"https:\/\/diariodominicano.com\/index.php?rest_route=%2Fwp%2Fv2%2Fcategories&post=65776"},{"taxonomy":"post_tag","embeddable":true,"href":"https:\/\/diariodominicano.com\/index.php?rest_route=%2Fwp%2Fv2%2Ftags&post=65776"}],"curies":[{"name":"wp","href":"https:\/\/api.w.org\/{rel}","templated":true}]}}