{"id":65775,"date":"2012-05-02T18:50:08","date_gmt":"2012-05-02T18:50:08","guid":{"rendered":"http:\/\/diariodominicano.ddns.net\/?p=65775"},"modified":"2012-05-02T18:50:08","modified_gmt":"2012-05-02T18:50:08","slug":"dedican-calle-al-escritor-miguel-collado-en-feria-del-libro","status":"publish","type":"post","link":"https:\/\/diariodominicano.com\/?p=65775","title":{"rendered":"&#13;Dedican calle al escritor Miguel Collado en Feria del Libro"},"content":{"rendered":"<p><body><\/p>\n<p><img decoding=\"async\" src=\"img3\/calle feria 2012.JPG\" \/>  <\/p>\n<p><span class=\"text1noticias\">02:50 PM 2 Mayo 2012.-Con la lectura del poema Como t\u00fa del escritor salvadore\u00f1o Roque Dalton, inici\u00f3 el acto de homenaje con la designaci\u00f3n de una de las calles de la Plaza de la Cultura Juan Pablo Duarte al escritor Miguel Collado.<\/span><\/p>\n<\/p>\n<p><span class=\"text1noticias\">La actividad estuvo encabezada por el Ministro de Cultura, Jos\u00e9 Rafael Lantigua, el Director de la Feria del Libro, Alejandro Arvelo, los viceministros, Lourdes Camilo de Cuello y Mateo Morrison.<\/span><\/p>\n<\/p>\n<p><span class=\"text1noticias\">Tambi\u00e9n, acompa\u00f1aron al homenajeado, la Viceministra de Educaci\u00f3n Emilia Pereyra, sus hijos Pavel y Rainer Collado, su hermana Carmen Collado de P\u00e9rez,  entre otros.<\/span><\/p>\n<\/p>\n<p><span class=\"text1noticias\">F\u00e9lix Pichardo del Taller Literario Manuel del Cabral, tuvo a su cargo la lectura de la biograf\u00eda del escritor.<\/span><\/p>\n<p><span class=\"text1noticias\"> <\/span><\/p>\n<p><span class=\"text1noticias\">Lourdes Camilo de Cuello, en su discurso, dijo que la denominaci\u00f3n de esta calle en el seno del recinto de la feria del libro, al poeta y ensayista, Miguel Collado debe ser resaltada, por su actividad editorial y acendrada vocaci\u00f3n de investigador. <\/span><\/p>\n<\/p>\n<p><span class=\"text1noticias\">Al dirigirse al p\u00fablico, el distinguido ensayista expuso \u00abPor esta distinci\u00f3n al designar con mi nombre una de las calles del recinto ferial, no tan s\u00f3lo expreso mi gratitud al gobierno dominicano en la persona del Ministro de Cultura, Jos\u00e9 Rafael Lantigua, y al mismo tiempo, rindo tributo a la memoria de ese extraordinario escritor Enriquillo S\u00e1nchez\u00bb.<\/span><\/p>\n<\/p>\n<p><span class=\"text1noticias\"> \u00abInmemoriam a Enriquillo S\u00e1nchez porque valor\u00f3 siempre mi trabajo de investigaci\u00f3n y difusi\u00f3n literarias, la justa y atinada decisi\u00f3n del Ministerio de Cultura por dedicarle esta  XV Feria al fenecido intelectual\u00bb, puntualiz\u00f3. <\/span><\/p>\n<\/p>\n<p><span class=\"text1noticias\">\u00abMi agradecimiento a Jos\u00e9 Rafael Lantigua, que  me abri\u00f3 las p\u00e1ginas de ese legendario suplemento que fue Biblioteca, y yo fui uno de sus colaboradores, y agradezco ese apoyo que siempre me dio\u00bb enfatiz\u00f3 Collado.  <\/span><\/p>\n<\/p>\n<p><span class=\"text1noticias\">Tambi\u00e9n, agradeci\u00f3, a m\u00e1s de un centenar de amigos, escritores e intelectuales de pa\u00eds que de alguna forma, han colaborado en la consecuci\u00f3n de sus metas. <\/span><\/p>\n<p><span class=\"text1noticias\"> <\/span><\/p>\n<p><span class=\"text1noticias\"><strong><em><u>CG.<\/u><\/em><\/strong><\/span><\/p>\n<\/p>\n<h6> 2012-05-02 18:50:08 <\/h6>\n<p><!--\n<link rel=\"stylesheet\" href=\"css\/bootstrap.min.css\">\n\n\n<ul class=\"pagination\">\n\t    \n\t\n\n<li >\n\t<a href='?page_no=17452'>Previous<\/a>\n\t<\/li>\n\n\n       \n    \n\n<li><a href='?page_no=1'>1<\/a><\/li>\n\n\n\n<li><a href='?page_no=2'>2<\/a><\/li>\n\n\n\n<li><a>...<\/a><\/li>\n\n\n\n<li><a href='?page_no=17451'>17451<\/a><\/li>\n\n\n\n<li><a href='?page_no=17452'>17452<\/a><\/li>\n\n\n\n<li class='active'><a>17453<\/a><\/li>\n\n\n\n<li><a href='?page_no=17454'>17454<\/a><\/li>\n\n\n\n<li><a href='?page_no=17455'>17455<\/a><\/li>\n\n\n\n<li><a>...<\/a><\/li>\n\n\n\n<li><a href='?page_no=22911'>22911<\/a><\/li>\n\n\n\n<li><a href='?page_no=22912'>22912<\/a><\/li>\n\n    \n\t\n\n<li >\n\t<a href='?page_no=17454'>Next<\/a>\n\t<\/li>\n\n\n    \n\n<li><a href='?page_no=22912'>Last &rsaquo;&rsaquo;<\/a><\/li>\n\n<\/ul>\n\n\n--><br \/>\n<\/body><\/p>\n","protected":false},"excerpt":{"rendered":"<p>02:50 PM 2 Mayo 2012.-Con la lectura del poema Como t\u00fa del escritor salvadore\u00f1o Roque Dalton, inici\u00f3 el acto de homenaje con la designaci\u00f3n de una de las calles de la Plaza de la Cultura Juan Pablo Duarte al escritor Miguel Collado. La actividad estuvo encabezada por el Ministro de Cultura, Jos\u00e9 Rafael Lantigua, el [&hellip;]<\/p>\n","protected":false},"author":3,"featured_media":0,"comment_status":"open","ping_status":"open","sticky":false,"template":"","format":"standard","meta":{"footnotes":""},"categories":[21],"tags":[],"class_list":["post-65775","post","type-post","status-publish","format-standard","hentry","category-cultura"],"_links":{"self":[{"href":"https:\/\/diariodominicano.com\/index.php?rest_route=\/wp\/v2\/posts\/65775","targetHints":{"allow":["GET"]}}],"collection":[{"href":"https:\/\/diariodominicano.com\/index.php?rest_route=\/wp\/v2\/posts"}],"about":[{"href":"https:\/\/diariodominicano.com\/index.php?rest_route=\/wp\/v2\/types\/post"}],"author":[{"embeddable":true,"href":"https:\/\/diariodominicano.com\/index.php?rest_route=\/wp\/v2\/users\/3"}],"replies":[{"embeddable":true,"href":"https:\/\/diariodominicano.com\/index.php?rest_route=%2Fwp%2Fv2%2Fcomments&post=65775"}],"version-history":[{"count":0,"href":"https:\/\/diariodominicano.com\/index.php?rest_route=\/wp\/v2\/posts\/65775\/revisions"}],"wp:attachment":[{"href":"https:\/\/diariodominicano.com\/index.php?rest_route=%2Fwp%2Fv2%2Fmedia&parent=65775"}],"wp:term":[{"taxonomy":"category","embeddable":true,"href":"https:\/\/diariodominicano.com\/index.php?rest_route=%2Fwp%2Fv2%2Fcategories&post=65775"},{"taxonomy":"post_tag","embeddable":true,"href":"https:\/\/diariodominicano.com\/index.php?rest_route=%2Fwp%2Fv2%2Ftags&post=65775"}],"curies":[{"name":"wp","href":"https:\/\/api.w.org\/{rel}","templated":true}]}}