{"id":65774,"date":"2012-05-02T19:31:53","date_gmt":"2012-05-02T19:31:53","guid":{"rendered":"http:\/\/diariodominicano.ddns.net\/?p=65774"},"modified":"2012-05-02T19:31:53","modified_gmt":"2012-05-02T19:31:53","slug":"la-pelicula-la-lucha-de-ana-se-abre-paso-en-festivales-de-cine","status":"publish","type":"post","link":"https:\/\/diariodominicano.com\/?p=65774","title":{"rendered":"&#13;La pel\u00edcula La Lucha De Ana se abre paso en festivales de cine &#13;"},"content":{"rendered":"<p><body><\/p>\n<p><img decoding=\"async\" src=\"img3\/LA LUCHA DE ANA.jpg\" \/>  <\/p>\n<p><span class=\"text1noticias\">03:40 PM SANTO DOMINGO, RD, 02 Mayo 2012.-La pel\u00edcula dominicana La Lucha de Ana del director Bladimir Abud, la cual clausuro La Muestra Internacional de Cine de Santo Domingo comenz\u00f3 su andanza en festivales internaciones en los Estados Unidos. <\/span><\/p>\n<\/p>\n<p><span class=\"text1noticias\">La pel\u00edcula se presento con \u00e9xito en los festivales Havana Film Festival New York y en Chicago Latino Film Festival en el mes de Abril.<\/span><\/p>\n<\/p>\n<p><span class=\"text1noticias\">Este a\u00f1o el Havana Film Festival New York en su treceava edici\u00f3n vino con un contingente de pel\u00edculas dominicanas, un largo y seis cortometrajes. Siendo la Lucha de Ana la punta de lanza. Los cortometrajes dominicanos tuvieron su propia noche de cortos en  el Instituto Cervantes de Nueva York el d\u00eda 16 de abril. <\/span><\/p>\n<\/p>\n<p><span class=\"text1noticias\"> Para esta muestra el Havana Film Festival New York y su directora creativa, la colombiana Diana Vargas, contaron con la colaboraci\u00f3n del cineasta dominicano Freddy Vargas quien agenci\u00f3 estas pel\u00edculas, incluyendo La Lucha de Ana, con algunos directores de cortos y con el Festival de Cine Global Dominicano.<\/span><\/p>\n<\/p>\n<p><span class=\"text1noticias\"> En la edici\u00f3n pasada del festival se presento a casa llena la noche de cortos dominicanos en el King Juan Carlos Center of Spain de la New York University. <\/span><\/p>\n<\/p>\n<p><span class=\"text1noticias\"> Se espera una representaci\u00f3n m\u00e1s amplia en pr\u00f3ximas ediciones.  Omar de la Cruz, presidente del Festival de Cine Global Dominicano se dio cita en este evento.<\/span><\/p>\n<\/p>\n<p><span class=\"text1noticias\">Bladimir Abud y su productora Melisa Fuentes estuvieron presentes en la noche de apertura que tomo lugar en el Directors Guild of America Theater (el cine del sindicato de directores americanos) donde se proyecto la cinta Havana Station del cineasta cubano Ian Padr\u00f3n.  Los quisqueyanos all\u00ed presentes se enorgullecieron cuando llamaron a Bladimir Abud a que subiera al escenario junto a otros directores invitados por el festival.  Luego hubo un recepci\u00f3n de c\u00f3cteles donde los cineastas dominicanos compartieron con actores, directores latinoamericanos y personas del medio cinematogr\u00e1fico cubano e internacional.<\/span><\/p>\n<\/p>\n<p><span class=\"text1noticias\">La Lucha de Ana se presento en dos ocasiones durante el festival.  La primera presentaci\u00f3n cont\u00f3 con un nutrido p\u00fablico, tanto norteamericano como hispano, quienes disfrutaron la pel\u00edcula. <\/span><\/p>\n<\/p>\n<p><span class=\"text1noticias\">Luego hubo una secci\u00f3n de preguntas y respuestas moderada por Freddy Vargas. <\/span><\/p>\n<p><span class=\"text1noticias\">El publico destaco el trabajo realizado por el joven director Abud y su equipo de producci\u00f3n as\u00ed como tambi\u00e9n afirmaron que quedaron admirados por el trabajo interpretativo de Cheddy Garcia, la actriz principal de la pel\u00edcula . <\/span><\/p>\n<\/p>\n<p><span class=\"text1noticias\"> El publico se noto aun mas sorprendido al saber que Cheddy es conocida en su pa\u00eds como comediante y no como actriz dram\u00e1tica.<\/span><\/p>\n<\/p>\n<p><span class=\"text1noticias\">El director y su productora estuvieron apenas unos d\u00edas en este festival porque el Chicago Latino les esperaba., donde seg\u00fan el propio Bladimir tuvieron un \u00e9xito de publico. Nos cuenta Bladimir: \u00abEn el Festival Latino de Chicago nuestro film LA LUCHA DE ANA encontr\u00f3 un respaldo masivo de los cin\u00e9filos que se dieron cita al evento cinematogr\u00e1fico. Los dos d\u00edas de exhibici\u00f3n de la pel\u00edcula fueron a casa llena en el LANDMARK CINEMA, destacando la presencia de la comunidad dominicana radicada en Chicago.  La obra recibi\u00f3 muy buenas cr\u00edticas. <\/span><\/p>\n<\/p>\n<p><span class=\"text1noticias\">Al final de las proyecciones el p\u00fablico, interesado en saber m\u00e1s sobre la producci\u00f3n permanec\u00eda hasta el \u00faltimo momento en la sesi\u00f3n de preguntas y respuestas, tanto as\u00ed, que el segundo d\u00eda la administraci\u00f3n del cine tuvieron que pedirnos que termin\u00e1ramos la jornada, porque estaban cerrando el local.\u00bb<\/span><\/p>\n<\/p>\n<p><span class=\"text1noticias\">La Lucha de Ana estrena comercialmente en la republica dominicana el 24 de Mayo.  Sin embargo su director nos asegura que la pel\u00edcula continuara present\u00e1ndose en festivales internacionales y buscando nuevas plazas de distribuci\u00f3n.<\/span><\/p>\n<\/p>\n<p><strong><em><u><span class=\"text1noticias\">La lucha de Ana \/ Anna?s Struggle              <\/span><\/u><\/em><\/strong><\/p>\n<p><strong><em><u><span class=\"text1noticias\">Bladimir Abud       <\/span><\/u><\/em><\/strong><span class=\"text1noticias\"><span class=\"text1noticias\"><span class=\"text1noticias\">                          <\/span><\/span><\/span><\/p>\n<\/p>\n<p><span class=\"text1noticias\">El \u00fanico motivo de felicidad en la vida de Ana es su hijo Amaurys. El mejor amigo de \u00e9ste, lo envuelve en un mundo de drogas que termina por causarle la muerte. Ana tendr\u00e1 que enfrentar al sistema corrupto para poder hacer justicia.<\/span><\/p>\n<\/p>\n<p><span class=\"text1noticias\">Cortos Dominicanos presentados en Instituto Cervantes de Nueva York en el marco del Havana Film Festival New York 2012.<\/span><\/p>\n<\/p>\n<p><span class=\"text1noticias\">El cineasta dominicano Freddy Vargas y  el se\u00f1or  Omar de la Cruz, director del Festival de Cine Global Dominicano presentaron una serie de cortos en su mayor\u00eda de la pasada edici\u00f3n del festival. Violeta Lockhart, directora del corto Cara\/Escudo estuvo tambi\u00e9n presente. Tras la proyecci\u00f3n, hubo un conversatorio con el publico.<\/span><\/p>\n<\/p>\n<p><strong><em><u><span class=\"text1noticias\">CG.<\/span><\/u><\/em><\/strong><\/p>\n<\/p>\n<\/p>\n<\/p>\n<\/p>\n<\/p>\n<\/p>\n<\/p>\n<\/p>\n<\/p>\n<h6> 2012-05-02 19:31:53 <\/h6>\n<p><!--\n<link rel=\"stylesheet\" href=\"css\/bootstrap.min.css\">\n\n\n<ul class=\"pagination\">\n\t    \n\t\n\n<li >\n\t<a href='?page_no=17451'>Previous<\/a>\n\t<\/li>\n\n\n       \n    \n\n<li><a href='?page_no=1'>1<\/a><\/li>\n\n\n\n<li><a href='?page_no=2'>2<\/a><\/li>\n\n\n\n<li><a>...<\/a><\/li>\n\n\n\n<li><a href='?page_no=17450'>17450<\/a><\/li>\n\n\n\n<li><a href='?page_no=17451'>17451<\/a><\/li>\n\n\n\n<li class='active'><a>17452<\/a><\/li>\n\n\n\n<li><a href='?page_no=17453'>17453<\/a><\/li>\n\n\n\n<li><a href='?page_no=17454'>17454<\/a><\/li>\n\n\n\n<li><a>...<\/a><\/li>\n\n\n\n<li><a href='?page_no=22911'>22911<\/a><\/li>\n\n\n\n<li><a href='?page_no=22912'>22912<\/a><\/li>\n\n    \n\t\n\n<li >\n\t<a href='?page_no=17453'>Next<\/a>\n\t<\/li>\n\n\n    \n\n<li><a href='?page_no=22912'>Last &rsaquo;&rsaquo;<\/a><\/li>\n\n<\/ul>\n\n\n--><br \/>\n<\/body><\/p>\n","protected":false},"excerpt":{"rendered":"<p>03:40 PM SANTO DOMINGO, RD, 02 Mayo 2012.-La pel\u00edcula dominicana La Lucha de Ana del director Bladimir Abud, la cual clausuro La Muestra Internacional de Cine de Santo Domingo comenz\u00f3 su andanza en festivales internaciones en los Estados Unidos. La pel\u00edcula se presento con \u00e9xito en los festivales Havana Film Festival New York y en [&hellip;]<\/p>\n","protected":false},"author":3,"featured_media":0,"comment_status":"open","ping_status":"open","sticky":false,"template":"","format":"standard","meta":{"footnotes":""},"categories":[21],"tags":[],"class_list":["post-65774","post","type-post","status-publish","format-standard","hentry","category-cultura"],"_links":{"self":[{"href":"https:\/\/diariodominicano.com\/index.php?rest_route=\/wp\/v2\/posts\/65774","targetHints":{"allow":["GET"]}}],"collection":[{"href":"https:\/\/diariodominicano.com\/index.php?rest_route=\/wp\/v2\/posts"}],"about":[{"href":"https:\/\/diariodominicano.com\/index.php?rest_route=\/wp\/v2\/types\/post"}],"author":[{"embeddable":true,"href":"https:\/\/diariodominicano.com\/index.php?rest_route=\/wp\/v2\/users\/3"}],"replies":[{"embeddable":true,"href":"https:\/\/diariodominicano.com\/index.php?rest_route=%2Fwp%2Fv2%2Fcomments&post=65774"}],"version-history":[{"count":0,"href":"https:\/\/diariodominicano.com\/index.php?rest_route=\/wp\/v2\/posts\/65774\/revisions"}],"wp:attachment":[{"href":"https:\/\/diariodominicano.com\/index.php?rest_route=%2Fwp%2Fv2%2Fmedia&parent=65774"}],"wp:term":[{"taxonomy":"category","embeddable":true,"href":"https:\/\/diariodominicano.com\/index.php?rest_route=%2Fwp%2Fv2%2Fcategories&post=65774"},{"taxonomy":"post_tag","embeddable":true,"href":"https:\/\/diariodominicano.com\/index.php?rest_route=%2Fwp%2Fv2%2Ftags&post=65774"}],"curies":[{"name":"wp","href":"https:\/\/api.w.org\/{rel}","templated":true}]}}