{"id":65773,"date":"2012-05-02T19:38:50","date_gmt":"2012-05-02T19:38:50","guid":{"rendered":"http:\/\/diariodominicano.ddns.net\/?p=65773"},"modified":"2012-05-02T19:38:50","modified_gmt":"2012-05-02T19:38:50","slug":"ministerio-de-la-mujer-educando-para-transformar-la-sociedad","status":"publish","type":"post","link":"https:\/\/diariodominicano.com\/?p=65773","title":{"rendered":"&#13;Ministerio de la Mujer educando para transformar la sociedad"},"content":{"rendered":"<p><body><\/p>\n<p><img decoding=\"async\" src=\"img3\/ministerio de la mujer en feria del libro 2012.JPG\" \/><br \/><img decoding=\"async\" src=\"img3\/ministerio de la mujer en feria del libro 2012 2.JPG\" \/>  <\/p>\n<p><span class=\"text1noticias\">03:45 PM SANTO DOMINGO, RD, 02 Mayo 2012.- El Ministerio de la Mujer se uni\u00f3 al grupo de instituciones gubernamentales que participa de la actividad cultural m\u00e1s importante del pa\u00eds y del Caribe: la XV Feria Internacional del Libro 2012, ofreciendo en su moderno stand una variada oferta educativa dirigida a ni\u00f1os, ni\u00f1as,  adolescentes, j\u00f3venes, adultos y p\u00fablico en general, incluyendo personal de los cuerpos castrenses y polic\u00edas.<\/span><\/p>\n<\/p>\n<p><span class=\"text1noticias\">El pabell\u00f3n del Ministerio de la Mujer ha impactado a los cientos de personas que acuden a diario a la Plaza de la Cultura, por sus llamativos colores y su dise\u00f1o vanguardista que, en la parte frontal, recrea un diamante para significar la val\u00eda y fortaleza de la mujer y su lucha por lograr una sociedad cada vez m\u00e1s justa, humana y solidar\u00eda, basada en una cultura de igualdad y equidad.<\/span><\/p>\n<\/p>\n<p><span class=\"text1noticias\">Este  espacio ha servido  para que cientos de mujeres y hombres conozcan las causas y aprendan a prevenir la  violencia   intrafamiliar y contra las mujeres, masculinidades,   trata y tr\u00e1fico de personas y derechos fundamentales de los ni\u00f1os y ni\u00f1as y j\u00f3venes: as\u00ed como para concienciar a los adolescentes sobre temas de salud sexual y reproductiva, tales como  enfermedades de transmisi\u00f3n sexual, VIH y SIDA, embarazo en adolescentes, y violencia en el noviazgo.<\/span><\/p>\n<\/p>\n<p><span class=\"text1noticias\">Los visitantes tambi\u00e9n pueden disfrutar de m\u00e1s de 40  videos y documentales educativos, que tratan sobre diversas problem\u00e1ticas que afectan a las mujeres  en aspectos sociales, pol\u00edticos y econ\u00f3micos en los distintos escenarios.<\/span><\/p>\n<\/p>\n<p><span class=\"text1noticias\">El stand del Ministerio de la Mujer (MMujer), adem\u00e1s, ha sido escenario perfecto para las fotos de recuerdo de  las familias que asisten al evento cultural, que este a\u00f1o est\u00e1 dedicado al poeta Enriquillo S\u00e1nchez y que rinde honor a Centroam\u00e9rica.<\/span><\/p>\n<p><span class=\"text1noticias\"><strong><em><u>Personal experto y profesional<\/u><\/em><\/strong><\/span><\/p>\n<\/p>\n<p><span class=\"text1noticias\">Para participar en la feria, el Ministerio de la Mujer convoc\u00f3 a lasos distintos especialistas que componen el personal profesional de la instituci\u00f3n, integrado por psic\u00f3logas, abogadas y t\u00e9cnicas eficientes, para tratar los temas que recogen las  problem\u00e1ticas de las mujeres contemplados en el programa educativo que inici\u00f3 el 19 de abril y  que continuar\u00e1 hasta el 6 de mayo.<\/span><\/p>\n<\/p>\n<p><span class=\"text1noticias\">El personal especializado del Ministerio de la Mujer est\u00e1 compuesto por Birma G\u00f3mez, Gloria Peralta, Natividad L\u00f3pez, Carolina Alvarado, Iris Nova, Providencia Matos, Mayra Tavares  y Violeta Quezada; psic\u00f3logas, abogadas y t\u00e9cnicas eficientes; as\u00ed como por un equipo de apoyo pertenecientes  a las distintas direcciones y departamentos de la instituci\u00f3n que ofrecen charlas y orientaciones a estudiantes, adolescentes y p\u00fablico en general que participan en la feria.<\/span><\/p>\n<\/p>\n<p><span class=\"text1noticias\">El programa educativo del MMujer, que tiene como el objetivo difundir  una cultura de paz, igualdad y equidad de g\u00e9nero, incluye diversas conferencias, mesas redondas, exhibici\u00f3n de  libros ilustrados, presentaci\u00f3n de cortometrajes y documentales, entrega de varios materiales educativos, y una exposici\u00f3n iconogr\u00e1fica  sobre la Mujer en la Historia Dominicana, basada en el libro de \u00c1ngela Hern\u00e1ndez y Orlando Inoa auspiciado por el Ministerio de la Mujer.<\/span><\/p>\n<\/p>\n<p><span class=\"text1noticias\">Durante 19 d\u00edas, tiempo que dura el desarrollo de la Feria, el Ministerio de la Mujer estar\u00e1  impartiendo  charlas en horario de 9:30 de la ma\u00f1ana hasta las 3:00 de la tarde y de 3:30 a 9:00 de la noche.<\/span><\/p>\n<\/p>\n<p><span class=\"text1noticias\">Para esta ocasi\u00f3n, la entidad rectora de las pol\u00edticas de igualdad y  equidad de g\u00e9nero, invit\u00f3 a los salvadore\u00f1os Larry Madrigal Rajo y Rutilio Delgado, expertos consultores del programa de masculinidad del Centro Bartolom\u00e9 de las Casas de San Salvador, quienes visitaron por segunda vez el pa\u00eds para ofrecer orientaciones sobre el programa de la  \u00abMasculinidades\u00bb que desarrollan en favor del g\u00e9nero y la erradicaci\u00f3n de la violencia, y que ha tenido magn\u00edficos resultados en su pa\u00eds natal.<\/span><\/p>\n<p><span class=\"text1noticias\"> <\/span><\/p>\n<p><span class=\"text1noticias\">Con los entrenamientos sobre  Masculinidades  el Ministerio de la Mujer pretende romper con los prejuicios y estereotipos masculinos y sensibilizar a los hombres en torno a la convivencia basada en la igualdad y la equidad y la erradicaci\u00f3n de la violencia de g\u00e9nero.<\/span><\/p>\n<p><span class=\"text1noticias\"> <\/span><\/p>\n<p><span class=\"text1noticias\">Durante su estancia en el pa\u00eds, los expertos impartieron varios talleres a representantes de diferentes sectores de la sociedad, destac\u00e1ndose la participaci\u00f3n de un grupo numeroso de polic\u00edas y alistados que acudieron al stand de la mujer a recibir las instrucciones del programa y para aprender adem\u00e1s, el trato primario a las v\u00edctimas de violencia.<\/span><\/p>\n<\/p>\n<p><span class=\"text1noticias\">Dichos talleres forman  parte de la investigaci\u00f3n que sirvi\u00f3 de base para la elaboraci\u00f3n del Manual sobre Metodolog\u00edas para Trabajar el Tema de las Masculinidades en Rep\u00fablica Dominicana y otros Pa\u00edses de la Regi\u00f3n, que pr\u00f3ximamente pondr\u00e1 a circular el Ministerio de la Mujer con el apoyo de la Agencia Espa\u00f1ola de Cooperaci\u00f3n Internacional para el Desarrollo, convirtiendo a la  Rep\u00fablica Dominicana en pionera en el establecimiento de este  programa de la Nueva Masculinidad en el \u00e1rea del Caribe.<\/span><\/p>\n<\/p>\n<p><span class=\"text1noticias\">El Ministerio de la Mujer imparti\u00f3 adem\u00e1s la conferencia \u00abFilosof\u00eda y G\u00e9nero: una lectura a Michael Foucault a cargo de la catedr\u00e1tica universitaria Lusitania Mart\u00ednez.<\/span><\/p>\n<\/p>\n<p><span class=\"text1noticias\">Este jueves 3 de mayo, el Ministerio de la Mujer impartir\u00e1 la Conferencia \u00abLa Otra cara de la Historia: Rasgos de Mujeres Trabajadoras Dominicanas\u00bb, a cargo de la  historiadora Carmen Dur\u00e1n.<\/span><\/p>\n<\/p>\n<p><span class=\"text1noticias\">Dando continuidad al ciclo educativo del Ministerio y  de la Feria, el viernes 4 de mayo, a  las 6:00 de la tarde,  la antrop\u00f3loga Luisa M. Compr\u00e9s P. dictar\u00e1 la conferencia: \u00abConstruyendo la Armon\u00eda Familiar: C\u00f3mo prevenir, manejar y solucionar conflictos familiares.<\/span><\/p>\n<p><span class=\"text1noticias\"> <\/span><\/p>\n<p><span class=\"text1noticias\"><strong><em><u>CG.<\/u><\/em><\/strong><\/span><\/p>\n<h6> 2012-05-02 19:38:50 <\/h6>\n<p><!--\n<link rel=\"stylesheet\" href=\"css\/bootstrap.min.css\">\n\n\n<ul class=\"pagination\">\n\t    \n\t\n\n<li >\n\t<a href='?page_no=17450'>Previous<\/a>\n\t<\/li>\n\n\n       \n    \n\n<li><a href='?page_no=1'>1<\/a><\/li>\n\n\n\n<li><a href='?page_no=2'>2<\/a><\/li>\n\n\n\n<li><a>...<\/a><\/li>\n\n\n\n<li><a href='?page_no=17449'>17449<\/a><\/li>\n\n\n\n<li><a href='?page_no=17450'>17450<\/a><\/li>\n\n\n\n<li class='active'><a>17451<\/a><\/li>\n\n\n\n<li><a href='?page_no=17452'>17452<\/a><\/li>\n\n\n\n<li><a href='?page_no=17453'>17453<\/a><\/li>\n\n\n\n<li><a>...<\/a><\/li>\n\n\n\n<li><a href='?page_no=22911'>22911<\/a><\/li>\n\n\n\n<li><a href='?page_no=22912'>22912<\/a><\/li>\n\n    \n\t\n\n<li >\n\t<a href='?page_no=17452'>Next<\/a>\n\t<\/li>\n\n\n    \n\n<li><a href='?page_no=22912'>Last &rsaquo;&rsaquo;<\/a><\/li>\n\n<\/ul>\n\n\n--><br \/>\n<\/body><\/p>\n","protected":false},"excerpt":{"rendered":"<p>03:45 PM SANTO DOMINGO, RD, 02 Mayo 2012.- El Ministerio de la Mujer se uni\u00f3 al grupo de instituciones gubernamentales que participa de la actividad cultural m\u00e1s importante del pa\u00eds y del Caribe: la XV Feria Internacional del Libro 2012, ofreciendo en su moderno stand una variada oferta educativa dirigida a ni\u00f1os, ni\u00f1as, adolescentes, j\u00f3venes, [&hellip;]<\/p>\n","protected":false},"author":3,"featured_media":0,"comment_status":"open","ping_status":"open","sticky":false,"template":"","format":"standard","meta":{"footnotes":""},"categories":[21],"tags":[],"class_list":["post-65773","post","type-post","status-publish","format-standard","hentry","category-cultura"],"_links":{"self":[{"href":"https:\/\/diariodominicano.com\/index.php?rest_route=\/wp\/v2\/posts\/65773","targetHints":{"allow":["GET"]}}],"collection":[{"href":"https:\/\/diariodominicano.com\/index.php?rest_route=\/wp\/v2\/posts"}],"about":[{"href":"https:\/\/diariodominicano.com\/index.php?rest_route=\/wp\/v2\/types\/post"}],"author":[{"embeddable":true,"href":"https:\/\/diariodominicano.com\/index.php?rest_route=\/wp\/v2\/users\/3"}],"replies":[{"embeddable":true,"href":"https:\/\/diariodominicano.com\/index.php?rest_route=%2Fwp%2Fv2%2Fcomments&post=65773"}],"version-history":[{"count":0,"href":"https:\/\/diariodominicano.com\/index.php?rest_route=\/wp\/v2\/posts\/65773\/revisions"}],"wp:attachment":[{"href":"https:\/\/diariodominicano.com\/index.php?rest_route=%2Fwp%2Fv2%2Fmedia&parent=65773"}],"wp:term":[{"taxonomy":"category","embeddable":true,"href":"https:\/\/diariodominicano.com\/index.php?rest_route=%2Fwp%2Fv2%2Fcategories&post=65773"},{"taxonomy":"post_tag","embeddable":true,"href":"https:\/\/diariodominicano.com\/index.php?rest_route=%2Fwp%2Fv2%2Ftags&post=65773"}],"curies":[{"name":"wp","href":"https:\/\/api.w.org\/{rel}","templated":true}]}}