{"id":65772,"date":"2012-05-02T19:51:54","date_gmt":"2012-05-02T19:51:54","guid":{"rendered":"http:\/\/diariodominicano.ddns.net\/?p=65772"},"modified":"2012-05-02T19:51:54","modified_gmt":"2012-05-02T19:51:54","slug":"carlos-julio-difundira-este-domingo-el-documental-la-revancha","status":"publish","type":"post","link":"https:\/\/diariodominicano.com\/?p=65772","title":{"rendered":"&#13;Carlos Julio Difundir\u00e1 este domingo el documental \u00abLa Revancha\u00bb&#13;"},"content":{"rendered":"<p><body><\/p>\n<p><img decoding=\"async\" src=\"img3\/documental la revancha.JPG\" \/>  <\/p>\n<p><span class=\"text1noticias\">04:05 PM SANTO DOMINGO, RD, 02 Mayo 2012.-El periodista Carlos Julio F\u00e9liz difundir\u00e1 este domingo por Telecentro, canal 13, su m\u00e1s reciente documental \u00abLa Revancha\u00bb, una cronolog\u00eda sobre la vida pol\u00edtica del candidato presidencial del Partido de la Liberaci\u00f3n Dominicana, Danilo Medina.<\/span><\/p>\n<p><span class=\"text1noticias\"> <\/span><\/p>\n<p><span class=\"text1noticias\">El documental de 30 minutos ser\u00e1 difundido el domingo, a las 10:30 de la noche, en el programa Se\u00f1ales que producen los comunicadores Euri Cabral y Julio Mart\u00ednez Pozo por Telecentro.<\/span><\/p>\n<p><span class=\"text1noticias\"> <\/span><\/p>\n<p><span class=\"text1noticias\">F\u00e9liz dijo que se trata de una profunda investigaci\u00f3n y recopilaci\u00f3n del candidato presidencial desde que naci\u00f3 en Arroyo Cano, provincia San Juan hasta su m\u00e1s reciente actividad. Contiene adem\u00e1s una impactante participaci\u00f3n de la candidata a la vice presidencia Margarita Cede\u00f1o y del Presidente Leonel Fern\u00e1ndez.<\/span><\/p>\n<p><span class=\"text1noticias\"> <\/span><\/p>\n<p><span class=\"text1noticias\">Dijo que se trata de un trabajo profundo, de alto contenido t\u00e9cnico y profesional. Agradeci\u00f3 las facilidades de las Direcciones de Estrategia, Comunicaciones y Prensa del candidato oficialista, as\u00ed como de la direcci\u00f3n de Comunicaciones del Partido de la Liberaci\u00edon Dominicana.<\/span><\/p>\n<p><span class=\"text1noticias\"> <\/span><\/p>\n<p><span class=\"text1noticias\">El comunicador, un experto en televisi\u00f3n, ha realizado m\u00e1s de una decena de documentales, tres de ellos ganadores de los premios Casandra. Sus m\u00e1s reconocidos son Jiman\u00ed: El mismo D\u00eda de la Tragedia; El Profesor Eterno (dedicado a Juan Bosch), el Adi\u00f3s y tu Vida (sobre Jos\u00e9 Francisco Pe\u00f1a G\u00f3mez;  Hait\u00ed: Naci\u00f3n Sufrida, y el Presidente Invicto (dedicado a Leonel Fern\u00e1ndez). Su m\u00e1s estelar producci\u00f3n es Caama\u00f1o: Por la Ruta de Abril y Caracoles.<\/span><\/p>\n<p><span class=\"text1noticias\"> <\/span><\/p>\n<p><span class=\"text1noticias\">Carlos Julio F\u00e9liz, quien labor\u00f3 durante 25 a\u00f1os como reportero de televisi\u00f3n es catedr\u00e1tico de la Universidad Aut\u00f3noma, en el \u00e1rea de Televisi\u00f3n, y se especializ\u00f3 en esta rama en Televisi\u00f3n Espa\u00f1ola.<\/span><\/p>\n<p><span class=\"text1noticias\"> <\/span><\/p>\n<p><span class=\"text1noticias\">Inform\u00f3 que a partir de la pr\u00f3xima semana, el documental LA REVANCHA ser\u00e1 difundo por varios canales y sistemas de cables de todo el pa\u00eds.<\/span><\/p>\n<\/p>\n<p><strong><em><u><span class=\"text1noticias\">CG.<\/span><\/u><\/em><\/strong><\/p>\n<\/p>\n<h6> 2012-05-02 19:51:54 <\/h6>\n<p><!--\n<link rel=\"stylesheet\" href=\"css\/bootstrap.min.css\">\n\n\n<ul class=\"pagination\">\n\t    \n\t\n\n<li >\n\t<a href='?page_no=17449'>Previous<\/a>\n\t<\/li>\n\n\n       \n    \n\n<li><a href='?page_no=1'>1<\/a><\/li>\n\n\n\n<li><a href='?page_no=2'>2<\/a><\/li>\n\n\n\n<li><a>...<\/a><\/li>\n\n\n\n<li><a href='?page_no=17448'>17448<\/a><\/li>\n\n\n\n<li><a href='?page_no=17449'>17449<\/a><\/li>\n\n\n\n<li class='active'><a>17450<\/a><\/li>\n\n\n\n<li><a href='?page_no=17451'>17451<\/a><\/li>\n\n\n\n<li><a href='?page_no=17452'>17452<\/a><\/li>\n\n\n\n<li><a>...<\/a><\/li>\n\n\n\n<li><a href='?page_no=22911'>22911<\/a><\/li>\n\n\n\n<li><a href='?page_no=22912'>22912<\/a><\/li>\n\n    \n\t\n\n<li >\n\t<a href='?page_no=17451'>Next<\/a>\n\t<\/li>\n\n\n    \n\n<li><a href='?page_no=22912'>Last &rsaquo;&rsaquo;<\/a><\/li>\n\n<\/ul>\n\n\n--><br \/>\n<\/body><\/p>\n","protected":false},"excerpt":{"rendered":"<p>04:05 PM SANTO DOMINGO, RD, 02 Mayo 2012.-El periodista Carlos Julio F\u00e9liz difundir\u00e1 este domingo por Telecentro, canal 13, su m\u00e1s reciente documental \u00abLa Revancha\u00bb, una cronolog\u00eda sobre la vida pol\u00edtica del candidato presidencial del Partido de la Liberaci\u00f3n Dominicana, Danilo Medina. El documental de 30 minutos ser\u00e1 difundido el domingo, a las 10:30 de [&hellip;]<\/p>\n","protected":false},"author":3,"featured_media":0,"comment_status":"open","ping_status":"open","sticky":false,"template":"","format":"standard","meta":{"footnotes":""},"categories":[21],"tags":[],"class_list":["post-65772","post","type-post","status-publish","format-standard","hentry","category-cultura"],"_links":{"self":[{"href":"https:\/\/diariodominicano.com\/index.php?rest_route=\/wp\/v2\/posts\/65772","targetHints":{"allow":["GET"]}}],"collection":[{"href":"https:\/\/diariodominicano.com\/index.php?rest_route=\/wp\/v2\/posts"}],"about":[{"href":"https:\/\/diariodominicano.com\/index.php?rest_route=\/wp\/v2\/types\/post"}],"author":[{"embeddable":true,"href":"https:\/\/diariodominicano.com\/index.php?rest_route=\/wp\/v2\/users\/3"}],"replies":[{"embeddable":true,"href":"https:\/\/diariodominicano.com\/index.php?rest_route=%2Fwp%2Fv2%2Fcomments&post=65772"}],"version-history":[{"count":0,"href":"https:\/\/diariodominicano.com\/index.php?rest_route=\/wp\/v2\/posts\/65772\/revisions"}],"wp:attachment":[{"href":"https:\/\/diariodominicano.com\/index.php?rest_route=%2Fwp%2Fv2%2Fmedia&parent=65772"}],"wp:term":[{"taxonomy":"category","embeddable":true,"href":"https:\/\/diariodominicano.com\/index.php?rest_route=%2Fwp%2Fv2%2Fcategories&post=65772"},{"taxonomy":"post_tag","embeddable":true,"href":"https:\/\/diariodominicano.com\/index.php?rest_route=%2Fwp%2Fv2%2Ftags&post=65772"}],"curies":[{"name":"wp","href":"https:\/\/api.w.org\/{rel}","templated":true}]}}