{"id":65770,"date":"2012-05-02T20:01:59","date_gmt":"2012-05-02T20:01:59","guid":{"rendered":"http:\/\/diariodominicano.ddns.net\/?p=65770"},"modified":"2012-05-02T20:01:59","modified_gmt":"2012-05-02T20:01:59","slug":"caribenos-residentes-en-cuba-mantienen-tradiciones-y-costumbres","status":"publish","type":"post","link":"https:\/\/diariodominicano.com\/?p=65770","title":{"rendered":"&#13;Caribe\u00f1os residentes en Cuba mantienen tradiciones y costumbres"},"content":{"rendered":"<p><body><\/p>\n<p><img decoding=\"async\" src=\"img3\/logo-asoccaribenacuba.jpg\" \/>  <\/p>\n<p><span class=\"text1noticias\">Por: Waldo Mendiluza<\/span><\/p>\n<\/p>\n<p><span class=\"text1noticias\">04:20 PM La Habana, 2 May 2012.- (PL) Naturales y descendientes caribe\u00f1os que viven en Cuba mantienen sus tradiciones y costumbres a trav\u00e9s de una amplia agenda de espacios-socioculturales.<\/span><\/p>\n<\/p>\n<p><span class=\"text1noticias\"> Fiestas nacionales, historia, m\u00fasica, bailes, deportes, platos t\u00edpicos y otras manifestaciones encuentran su expresi\u00f3n en la Asociaci\u00f3n Caribe\u00f1a de Cuba (ACC), una organizaci\u00f3n no gubernamental que celebra en 2012 su 80 cumplea\u00f1os.<\/span><\/p>\n<\/p>\n<p><span class=\"text1noticias\">Se trata de una sociedad de car\u00e1cter cultural que nos permite a naturales y descendientes de 28 territorios de la regi\u00f3n preservar el legado de nuestros ancestros y lugares de origen, explic\u00f3 la presidenta de la ACC, Mar\u00eda Rollock, en una entrevista concedida a Prensa Latina.<\/span><\/p>\n<\/p>\n<p><span class=\"text1noticias\">De acuerdo con Rollock, m\u00e1s de 700 personas integran la Asociaci\u00f3n fundada el 3 de marzo de 1932.<\/span><\/p>\n<\/p>\n<p><span class=\"text1noticias\">Nuestro estatus es por el momento provincial, o sea solo agrupamos a quienes residen en la capital cubana, pero aspiramos a llegar a todo el pa\u00eds, para lo cual ya hemos realizado tr\u00e1mites, se\u00f1al\u00f3 la hija de un barbadense que a finales de los a\u00f1os 20 del siglo pasado vino a la isla a buscar fortuna en el sector azucarero.<\/span><\/p>\n<\/p>\n<p><span class=\"text1noticias\">Opin\u00f3 que, los caribe\u00f1os mantienen en Cuba sus ra\u00edces a partir de talleres, exposiciones, encuentros culturales y el rescate de la historia.<\/span><\/p>\n<\/p>\n<p><span class=\"text1noticias\">Varias veces a la semana se re\u00fanen para compartir m\u00fasica y bailes, actividades en las que promueven la interacci\u00f3n con la comunidad.<\/span><\/p>\n<\/p>\n<p><span class=\"text1noticias\">Hacemos adem\u00e1s eventos en creole e ingl\u00e9s, y tenemos proyectos para desarrollar lo mismo con el franc\u00e9s, dijo Rollock.<\/span><\/p>\n<\/p>\n<p><span class=\"text1noticias\">Otras actividades que llaman mucho la atenci\u00f3n -apunt\u00f3- son la organizaci\u00f3n de campeonatos de domin\u00f3 y de juegos de cricket, un deporte con mucho arraigo en el Caribe, pero poco conocido en la isla.<\/span><\/p>\n<\/p>\n<p><span class=\"text1noticias\">J\u00f3venes de la ACC practican esa especialidad surgida en Inglaterra en el siglo XVI y participan en competencias junto a contempor\u00e1neos caribe\u00f1os que estudian aqu\u00ed.<\/span><\/p>\n<\/p>\n<p><span class=\"text1noticias\">Poco a poco nuestros muchachos han mejorado, gracias al apoyo de esos estudiantes; incluso, en una reciente copa de cricket lograron salir del \u00faltimo lugar, coment\u00f3.<\/span><\/p>\n<\/p>\n<p><span class=\"text1noticias\">Rollock destac\u00f3 que la entidad celebra las fiestas nacionales de los pa\u00edses y territorios de la regi\u00f3n, como las relacionadas con su independencia.<\/span><\/p>\n<\/p>\n<p><span class=\"text1noticias\">En ese sentido, mantenemos muy buenos v\u00ednculos con el cuerpo diplom\u00e1tico caribe\u00f1o, y sus representantes participan en diversas actividades, subray\u00f3.<\/span><\/p>\n<\/p>\n<p><span class=\"text1noticias\">Respecto al rescate de la historia de la ACC, su presidenta resalt\u00f3 las investigaciones en curso con el respaldo del Archivo Nacional y las entrevistas a sus veteranos.<\/span><\/p>\n<\/p>\n<p><span class=\"text1noticias\">Contamos con personas que llevan d\u00e9cadas en la Asociaci\u00f3n y nos est\u00e1n ayudando a recuperar mucha informaci\u00f3n, expuso.<\/span><\/p>\n<\/p>\n<p><span class=\"text1noticias\">Para Rollock, el desempe\u00f1o efectivo de la organizaci\u00f3n no gubernamental fundada hace 80 a\u00f1os responde en buena medida a sus v\u00ednculos con instituciones de la isla, como el Instituto Cubano de Amistad con los Pueblos, la Casa de las Am\u00e9ricas, el Ministerio de Relaciones Exteriores y el Movimiento Cubano por la Paz, entre otras.<\/span><\/p>\n<\/p>\n<p><span class=\"text1noticias\">Tambi\u00e9n son muy positivos nuestros nexos con los caribe\u00f1os que estudian en Cuba y con el cuerpo diplom\u00e1tico de la regi\u00f3n, agreg\u00f3.<\/span><\/p>\n<\/p>\n<p><span class=\"text1noticias\">En cuanto a las caracter\u00edsticas de la entidad, destac\u00f3 que el mayor peso en el n\u00famero de afiliados lo aportan Jamaica, Hait\u00ed, Barbados y Rep\u00fablica Dominicana, por eso orden.<\/span><\/p>\n<\/p>\n<p><span class=\"text1noticias\">Otra peculiaridad es que un 12 por ciento de los integrantes de la ACC son j\u00f3venes (de 16 a 35 a\u00f1os), mientras un 42 corresponde a personas de la tercera edad, apunt\u00f3.<\/span><\/p>\n<\/p>\n<p><span class=\"text1noticias\">La Asociaci\u00f3n Caribe\u00f1a de Cuba surgi\u00f3 en 1932 por iniciativa de la embajada brit\u00e1nica para agrupar a nativos y descendientes angl\u00f3fonos; fue en 1978 cuando la organizaci\u00f3n pas\u00f3 a acoger a personas de toda la regi\u00f3n, se\u00f1al\u00f3 Rollock.<\/span><\/p>\n<\/p>\n<p><strong><em><u><span class=\"text1noticias\">CG.<\/span><\/u><\/em><\/strong><\/p>\n<\/p>\n<h6> 2012-05-02 20:01:59 <\/h6>\n<p><!--\n<link rel=\"stylesheet\" href=\"css\/bootstrap.min.css\">\n\n\n<ul class=\"pagination\">\n\t    \n\t\n\n<li >\n\t<a href='?page_no=17447'>Previous<\/a>\n\t<\/li>\n\n\n       \n    \n\n<li><a href='?page_no=1'>1<\/a><\/li>\n\n\n\n<li><a href='?page_no=2'>2<\/a><\/li>\n\n\n\n<li><a>...<\/a><\/li>\n\n\n\n<li><a href='?page_no=17446'>17446<\/a><\/li>\n\n\n\n<li><a href='?page_no=17447'>17447<\/a><\/li>\n\n\n\n<li class='active'><a>17448<\/a><\/li>\n\n\n\n<li><a href='?page_no=17449'>17449<\/a><\/li>\n\n\n\n<li><a href='?page_no=17450'>17450<\/a><\/li>\n\n\n\n<li><a>...<\/a><\/li>\n\n\n\n<li><a href='?page_no=22911'>22911<\/a><\/li>\n\n\n\n<li><a href='?page_no=22912'>22912<\/a><\/li>\n\n    \n\t\n\n<li >\n\t<a href='?page_no=17449'>Next<\/a>\n\t<\/li>\n\n\n    \n\n<li><a href='?page_no=22912'>Last &rsaquo;&rsaquo;<\/a><\/li>\n\n<\/ul>\n\n\n--><br \/>\n<\/body><\/p>\n","protected":false},"excerpt":{"rendered":"<p>Por: Waldo Mendiluza 04:20 PM La Habana, 2 May 2012.- (PL) Naturales y descendientes caribe\u00f1os que viven en Cuba mantienen sus tradiciones y costumbres a trav\u00e9s de una amplia agenda de espacios-socioculturales. Fiestas nacionales, historia, m\u00fasica, bailes, deportes, platos t\u00edpicos y otras manifestaciones encuentran su expresi\u00f3n en la Asociaci\u00f3n Caribe\u00f1a de Cuba (ACC), una organizaci\u00f3n [&hellip;]<\/p>\n","protected":false},"author":3,"featured_media":0,"comment_status":"open","ping_status":"open","sticky":false,"template":"","format":"standard","meta":{"footnotes":""},"categories":[21],"tags":[],"class_list":["post-65770","post","type-post","status-publish","format-standard","hentry","category-cultura"],"_links":{"self":[{"href":"https:\/\/diariodominicano.com\/index.php?rest_route=\/wp\/v2\/posts\/65770","targetHints":{"allow":["GET"]}}],"collection":[{"href":"https:\/\/diariodominicano.com\/index.php?rest_route=\/wp\/v2\/posts"}],"about":[{"href":"https:\/\/diariodominicano.com\/index.php?rest_route=\/wp\/v2\/types\/post"}],"author":[{"embeddable":true,"href":"https:\/\/diariodominicano.com\/index.php?rest_route=\/wp\/v2\/users\/3"}],"replies":[{"embeddable":true,"href":"https:\/\/diariodominicano.com\/index.php?rest_route=%2Fwp%2Fv2%2Fcomments&post=65770"}],"version-history":[{"count":0,"href":"https:\/\/diariodominicano.com\/index.php?rest_route=\/wp\/v2\/posts\/65770\/revisions"}],"wp:attachment":[{"href":"https:\/\/diariodominicano.com\/index.php?rest_route=%2Fwp%2Fv2%2Fmedia&parent=65770"}],"wp:term":[{"taxonomy":"category","embeddable":true,"href":"https:\/\/diariodominicano.com\/index.php?rest_route=%2Fwp%2Fv2%2Fcategories&post=65770"},{"taxonomy":"post_tag","embeddable":true,"href":"https:\/\/diariodominicano.com\/index.php?rest_route=%2Fwp%2Fv2%2Ftags&post=65770"}],"curies":[{"name":"wp","href":"https:\/\/api.w.org\/{rel}","templated":true}]}}