{"id":65769,"date":"2012-05-02T21:06:23","date_gmt":"2012-05-02T21:06:23","guid":{"rendered":"http:\/\/diariodominicano.ddns.net\/?p=65769"},"modified":"2012-05-02T21:06:23","modified_gmt":"2012-05-02T21:06:23","slug":"zelaya-y-exvice-de-guatemala-vienen-a-rd-a-panel-del-parlacen","status":"publish","type":"post","link":"https:\/\/diariodominicano.com\/?p=65769","title":{"rendered":"Zelaya y exvice de Guatemala vienen a RD a panel del PARLACEN"},"content":{"rendered":"<p><body><\/p>\n<p><span class=\"text1noticias\">Rep.Dom. 2 de Mayo 05:08 P.M.-El expresidente de Honduras, Manuel Zelaya  y el exvicepresidente de Guatemala, Rafael Espada estar\u00e1n como expositores este viernes en un panel que coordina el Parlamento Centroamericano, PARLACEN, dentro de sus actividades en el marco de la XV Feria Internacional del Libro Santo Domingo 2012.<\/span><\/p>\n<p><span class=\"text1noticias\"> <\/span><\/p>\n<p><span class=\"text1noticias\">Con el tema \u00abEl Parlamento Centroamericano dentro del proceso de integraci\u00f3n\u00bb, el evento tendr\u00e1 tambi\u00e9n como panelista a Manolo Pichardo, presidente del organismo regional.<\/span><\/p>\n<p><span class=\"text1noticias\"> <\/span><\/p>\n<p><span class=\"text1noticias\">Zelaya y Espada participan en el panel en condici\u00f3n de diputados al PARLACEN, cargo en el que se juramentaron tras concluir sus respectivos mandatos.<\/span><\/p>\n<p><span class=\"text1noticias\"> <\/span><\/p>\n<p><span class=\"text1noticias\">De acuerdo al Tratado Constitutivo del \u00f3rgano politico del Sistema de Integraci\u00f3n Centroamericano, los expresidentes y exvicepresidentes de sus pa\u00edses miembros, pasan autom\u00e1ticamente a formar parte del PARLACEN al dejar sus cargos.<\/span><\/p>\n<p><span class=\"text1noticias\"> <\/span><\/p>\n<p><span class=\"text1noticias\">El panel se efectuar\u00e1 este viernes 4 de mayo a las 5.30 de la tarde en la Sala Aida Bonelly de D\u00edaz, en la tercera planta del Teatro Nacional.<\/span><\/p>\n<p><span class=\"text1noticias\"> <\/span><\/p>\n<p><span class=\"text1noticias\">El PARLACEN est\u00e1 invitando a las legaciones diplom\u00e1ticas acreditadas en el pa\u00eds, partidos politicos, periodistas, comunicadores, economistas, abogados, polit\u00f3logos, rectores de universidades, profesores y estudiantes de derecho, comunicaci\u00f3n social, relaciones internacionales y econom\u00eda; y al p\u00fablico en general interesado en conocer el proceso de integraci\u00f3n y la labor del PARLACEN en la regi\u00f3n.(HG)<\/span>.<\/p>\n<h6> 2012-05-02 21:06:23 <\/h6>\n<p><!--\n<link rel=\"stylesheet\" href=\"css\/bootstrap.min.css\">\n\n\n<ul class=\"pagination\">\n\t    \n\t\n\n<li >\n\t<a href='?page_no=17446'>Previous<\/a>\n\t<\/li>\n\n\n       \n    \n\n<li><a href='?page_no=1'>1<\/a><\/li>\n\n\n\n<li><a href='?page_no=2'>2<\/a><\/li>\n\n\n\n<li><a>...<\/a><\/li>\n\n\n\n<li><a href='?page_no=17445'>17445<\/a><\/li>\n\n\n\n<li><a href='?page_no=17446'>17446<\/a><\/li>\n\n\n\n<li class='active'><a>17447<\/a><\/li>\n\n\n\n<li><a href='?page_no=17448'>17448<\/a><\/li>\n\n\n\n<li><a href='?page_no=17449'>17449<\/a><\/li>\n\n\n\n<li><a>...<\/a><\/li>\n\n\n\n<li><a href='?page_no=22911'>22911<\/a><\/li>\n\n\n\n<li><a href='?page_no=22912'>22912<\/a><\/li>\n\n    \n\t\n\n<li >\n\t<a href='?page_no=17448'>Next<\/a>\n\t<\/li>\n\n\n    \n\n<li><a href='?page_no=22912'>Last &rsaquo;&rsaquo;<\/a><\/li>\n\n<\/ul>\n\n\n--><br \/>\n<\/body><\/p>\n","protected":false},"excerpt":{"rendered":"<p>Rep.Dom. 2 de Mayo 05:08 P.M.-El expresidente de Honduras, Manuel Zelaya y el exvicepresidente de Guatemala, Rafael Espada estar\u00e1n como expositores este viernes en un panel que coordina el Parlamento Centroamericano, PARLACEN, dentro de sus actividades en el marco de la XV Feria Internacional del Libro Santo Domingo 2012. Con el tema \u00abEl Parlamento Centroamericano [&hellip;]<\/p>\n","protected":false},"author":3,"featured_media":0,"comment_status":"open","ping_status":"open","sticky":false,"template":"","format":"standard","meta":{"footnotes":""},"categories":[21],"tags":[],"class_list":["post-65769","post","type-post","status-publish","format-standard","hentry","category-cultura"],"_links":{"self":[{"href":"https:\/\/diariodominicano.com\/index.php?rest_route=\/wp\/v2\/posts\/65769","targetHints":{"allow":["GET"]}}],"collection":[{"href":"https:\/\/diariodominicano.com\/index.php?rest_route=\/wp\/v2\/posts"}],"about":[{"href":"https:\/\/diariodominicano.com\/index.php?rest_route=\/wp\/v2\/types\/post"}],"author":[{"embeddable":true,"href":"https:\/\/diariodominicano.com\/index.php?rest_route=\/wp\/v2\/users\/3"}],"replies":[{"embeddable":true,"href":"https:\/\/diariodominicano.com\/index.php?rest_route=%2Fwp%2Fv2%2Fcomments&post=65769"}],"version-history":[{"count":0,"href":"https:\/\/diariodominicano.com\/index.php?rest_route=\/wp\/v2\/posts\/65769\/revisions"}],"wp:attachment":[{"href":"https:\/\/diariodominicano.com\/index.php?rest_route=%2Fwp%2Fv2%2Fmedia&parent=65769"}],"wp:term":[{"taxonomy":"category","embeddable":true,"href":"https:\/\/diariodominicano.com\/index.php?rest_route=%2Fwp%2Fv2%2Fcategories&post=65769"},{"taxonomy":"post_tag","embeddable":true,"href":"https:\/\/diariodominicano.com\/index.php?rest_route=%2Fwp%2Fv2%2Ftags&post=65769"}],"curies":[{"name":"wp","href":"https:\/\/api.w.org\/{rel}","templated":true}]}}