{"id":657686,"date":"2025-12-30T16:49:13","date_gmt":"2025-12-30T20:49:13","guid":{"rendered":"https:\/\/diariodominicano.com\/?p=657686"},"modified":"2025-12-31T02:39:28","modified_gmt":"2025-12-31T06:39:28","slug":"en-2025-desarrollo-social-superate-fortalece-estrategia-de-inclusion-social-con-276951-hogares-en-la-ruta-de-superacion","status":"publish","type":"post","link":"https:\/\/diariodominicano.com\/?p=657686","title":{"rendered":"En 2025, Desarrollo Social Sup\u00e9rate dice fortalece estrategia de inclusi\u00f3n social con 276,951 hogares en la Ruta de Superaci\u00f3n"},"content":{"rendered":"\n<p><em>A trav\u00e9s de este modelo de acompa\u00f1amiento integral, la entidad gubernamental impulsa capacidades, empleabilidad y autonom\u00eda, apostando a la movilidad social sostenible<\/em><\/p>\n\n\n\n<p><strong>Santo Domingo, DN. 30 de diciembre de 2025. \u2013<\/strong>\u00a0La incorporaci\u00f3n de 40 mil nuevas familias en la Ruta de Superaci\u00f3n\u00a0para alcanzar\u00a0un total de 276,951 hogares impactados a nivel nacional,\u00a0junto\u00a0a los avances del piloto Comunidades de Cuidado, las capacitaciones t\u00e9cnicas y de empleabilidad de los diferentes proyectos, resaltan entre los principales logros de la Direcci\u00f3n de Desarrollo Social Sup\u00e9rate este 2025, reporta la entidad en un trabajo de prensa..<\/p>\n\n\n\n<figure class=\"wp-block-gallery has-nested-images columns-default is-cropped wp-block-gallery-1 is-layout-flex wp-block-gallery-is-layout-flex\">\n<figure class=\"wp-block-image size-large\"><img loading=\"lazy\" decoding=\"async\" width=\"1024\" height=\"682\" data-id=\"657708\" src=\"https:\/\/diariodominicano.com\/wp-content\/uploads\/2025\/12\/La-directora-general-de-la-Direccion-de-Desarrollo-Social-Superate-junto-a-graduandos-de-la-segunda-promocion-de-cuidadores-que-finalizaron-satisfactoriamente-sus-capacitaciones-1024x682.jpg\" alt=\"\" class=\"wp-image-657708\" srcset=\"https:\/\/diariodominicano.com\/wp-content\/uploads\/2025\/12\/La-directora-general-de-la-Direccion-de-Desarrollo-Social-Superate-junto-a-graduandos-de-la-segunda-promocion-de-cuidadores-que-finalizaron-satisfactoriamente-sus-capacitaciones-1024x682.jpg 1024w, https:\/\/diariodominicano.com\/wp-content\/uploads\/2025\/12\/La-directora-general-de-la-Direccion-de-Desarrollo-Social-Superate-junto-a-graduandos-de-la-segunda-promocion-de-cuidadores-que-finalizaron-satisfactoriamente-sus-capacitaciones-300x200.jpg 300w, https:\/\/diariodominicano.com\/wp-content\/uploads\/2025\/12\/La-directora-general-de-la-Direccion-de-Desarrollo-Social-Superate-junto-a-graduandos-de-la-segunda-promocion-de-cuidadores-que-finalizaron-satisfactoriamente-sus-capacitaciones-768x512.jpg 768w, https:\/\/diariodominicano.com\/wp-content\/uploads\/2025\/12\/La-directora-general-de-la-Direccion-de-Desarrollo-Social-Superate-junto-a-graduandos-de-la-segunda-promocion-de-cuidadores-que-finalizaron-satisfactoriamente-sus-capacitaciones-816x544.jpg 816w, https:\/\/diariodominicano.com\/wp-content\/uploads\/2025\/12\/La-directora-general-de-la-Direccion-de-Desarrollo-Social-Superate-junto-a-graduandos-de-la-segunda-promocion-de-cuidadores-que-finalizaron-satisfactoriamente-sus-capacitaciones.jpg 1100w\" sizes=\"auto, (max-width: 1024px) 100vw, 1024px\" \/><\/figure>\n<\/figure>\n\n\n\n<p>La nueva estrategia de inclusi\u00f3n social centrada en el empoderamiento familiar y el fortalecimiento comunitario logr\u00f3 impactar de manera individual a m\u00e1s de 830 mil personas en las diferentes provincias del pa\u00eds, entre marzo de 2024 y octubre de 2025.&nbsp; A trav\u00e9s de este modelo de acompa\u00f1amiento integral, la entidad gubernamental impulsa capacidades, empleabilidad y autonom\u00eda, apostando a la movilidad social sostenible.<\/p>\n\n\n\n<p>La RS tiene como meta impactar a 1, 495,141 hogares para el a\u00f1o 2028, lo que equivale a 4,485,423 personas en la intervenci\u00f3n directa y el fortalecimiento de redes comunitarias que impulsen la autonom\u00eda y cohesi\u00f3n social en los hogares m\u00e1s vulnerables de la Rep\u00fablica Dominicana, indic\u00f3 Gloria Reyes, directora general de la Direcci\u00f3n de Desarrollo Social Sup\u00e9rate.<\/p>\n\n\n\n<figure class=\"wp-block-gallery has-nested-images columns-default is-cropped wp-block-gallery-2 is-layout-flex wp-block-gallery-is-layout-flex\">\n<figure class=\"wp-block-image size-large\"><img loading=\"lazy\" decoding=\"async\" width=\"1024\" height=\"682\" data-id=\"657707\" src=\"https:\/\/diariodominicano.com\/wp-content\/uploads\/2025\/12\/Grupo-de-Mujeres-SUPEREmprendedoras-que-recibieron-sus-certificaciones-tras-terminar-su-proceso-formativo-1024x682.jpg\" alt=\"\" class=\"wp-image-657707\" srcset=\"https:\/\/diariodominicano.com\/wp-content\/uploads\/2025\/12\/Grupo-de-Mujeres-SUPEREmprendedoras-que-recibieron-sus-certificaciones-tras-terminar-su-proceso-formativo-1024x682.jpg 1024w, https:\/\/diariodominicano.com\/wp-content\/uploads\/2025\/12\/Grupo-de-Mujeres-SUPEREmprendedoras-que-recibieron-sus-certificaciones-tras-terminar-su-proceso-formativo-300x200.jpg 300w, https:\/\/diariodominicano.com\/wp-content\/uploads\/2025\/12\/Grupo-de-Mujeres-SUPEREmprendedoras-que-recibieron-sus-certificaciones-tras-terminar-su-proceso-formativo-768x512.jpg 768w, https:\/\/diariodominicano.com\/wp-content\/uploads\/2025\/12\/Grupo-de-Mujeres-SUPEREmprendedoras-que-recibieron-sus-certificaciones-tras-terminar-su-proceso-formativo-816x544.jpg 816w, https:\/\/diariodominicano.com\/wp-content\/uploads\/2025\/12\/Grupo-de-Mujeres-SUPEREmprendedoras-que-recibieron-sus-certificaciones-tras-terminar-su-proceso-formativo.jpg 1100w\" sizes=\"auto, (max-width: 1024px) 100vw, 1024px\" \/><\/figure>\n<\/figure>\n\n\n\n<p>En cuanto a los avances del piloto Comunidades de Cuidados, puesto en marcha por la Mesa Intersectorial de Cuidados en zonas priorizadas de Azua y el municipio Santo Domingo Este, el proyecto cierra con m\u00e1s de mil (1,000) hogares visitados y aplicado a la ficha de cuidado, con el apoyo del Sistema \u00danico de Beneficiarios (SIUBEN), para identificar necesidades espec\u00edficas de cuidados y remitidos al Consejo Nacional de la Persona Envejeciente (CONAPE), para su priorizaci\u00f3n de cara a recibir el servicio domiciliario. Tambi\u00e9n, 4mil personas egresadas y certificadas como cuidadores por el INFOTEP.<\/p>\n\n\n\n<p>Asimismo, 285 personas cuidadoras certificadas y habilitadas por el CONAPE podr\u00e1n ejercer como cuidadores de manera formal. Concluy\u00f3 tambi\u00e9n una licitaci\u00f3n con el apoyo del Banco Interamericano de Desarrollo (BID), donde 120 hogares recibir\u00e1n el servicio de cuidado y la ampliaci\u00f3n de la pol\u00edtica de Cuidados.<\/p>\n\n\n\n<p>Para el 2026 se tiene previsto continuar con las pasant\u00edas supervisadas y remuneradas de 250 pasantes. Inicio formal del Consejo Nacional de Discapacidad (CONADIS) en el servicio domiciliario de cuidados y m\u00e1s de 700 hogares recibir\u00e1n servicios y la contrataci\u00f3n de unas 600 personas cuidadoras y la atenci\u00f3n domiciliaria de aproximadamente 1,200 adultos mayores.<\/p>\n\n\n\n<p>Otro logro para destacar es la celebraci\u00f3n de la primera Feria Educativa y de Empleabilidad para Personas Cuidadoras, con 277 participantes y la colaboraci\u00f3n de m\u00e1s de 12 instituciones p\u00fablicas, financieras y sociales. El proyecto destaca, adem\u00e1s, que 8 mil 249 personas con discapacidad certificadas del CONADIS, obtuvieron acceso a dispositivos y servicios especializados.<\/p>\n\n\n\n<p><strong>Movilidad social<\/strong><\/p>\n\n\n\n<p>De igual modo, la instituci\u00f3n consolid\u00f3 en 2025 la movilidad social de decenas de miles de familias provenientes de hogares en situaci\u00f3n de vulnerabilidad social, con un total de 980 personas capacitadas en t\u00e9cnicas de b\u00fasqueda de empleo, orientaci\u00f3n laboral, elaboraci\u00f3n de hojas de vida, simulaciones de entrevistas y desarrollo de habilidades blandas, tales como comunicaci\u00f3n efectiva, puntualidad, trabajo en equipo y capacidad de adaptaci\u00f3n. Estos resultados fueron presentados en el informe de gesti\u00f3n correspondiente al per\u00edodo enero\u2013diciembre de 2025.<\/p>\n\n\n\n<p>Como parte de esta estrategia, se realizaron nueve ferias de empleo en distintas zonas del Gran Santo Domingo, en las que se registraron 2,269 candidatos y candidatas en la bolsa de empleo y su vinculaci\u00f3n laboral en 380 vacantes en \u00e1reas como auxiliar de mantenimiento, conserjer\u00eda, caja, cosm\u00e9ticos, panader\u00eda y ferreter\u00eda; as\u00ed como en alta cocina (chef), cocinero y cocinera, entre otras ofertas.<\/p>\n\n\n\n<p>El departamento de Educaci\u00f3n e Inclusi\u00f3n Financiera logr\u00f3 capacitar a 7,858 personas en temas relacionados con cultura del ahorro, manejo responsable de deudas y bancarizaci\u00f3n, por medio a talleres que contaron con el respaldo de entidades financieras aliadas como el Banco de Reservas y la Asociaci\u00f3n La Nacional.&nbsp;De igual forma, se brind\u00f3 acompa\u00f1amiento t\u00e9cnico a 36 cooperativas, permitiendo que agricultores y artesanos operen bajo modelos de econom\u00eda asociativa sostenible.<\/p>\n\n\n\n<p>La formaci\u00f3n t\u00e9cnica y la empleabilidad generada en el Centro de Superaci\u00f3n Gastron\u00f3mica Sup\u00e9rate (CSGS) tuvo un impacto hist\u00f3rico entre los 8,250 participantes, creando m\u00e1s de mil nuevos t\u00e9cnicos, quienes obtuvieron la certificaci\u00f3n del INFOTEP y la Asociaci\u00f3n de Hosteler\u00eda y Turismo de Toledo, Espa\u00f1a (AHT).<\/p>\n\n\n\n<p><strong>Emprendimiento<\/strong><\/p>\n\n\n\n<p>La marca artesanal alcanz\u00f3 este a\u00f1o una inversi\u00f3n de m\u00e1s de 14 millones de pesos beneficiando a 1,680 familias artesanas, posicionando sus productos en ferias de Espa\u00f1a, Suiza y Estados Unidos; un proyecto que busca el establecimiento de marca pa\u00eds y el reconocimiento internacional de personas que habitan en comunidades rurales de la Rep\u00fablica Dominicana.<\/p>\n\n\n\n<p>La iniciativa Mujeres SUPEREmprendedoras capacit\u00f3 a 932 participantes, para un total 2,255 mujeres formadas en distintas disciplinas, desde el 2021 a 2025, con un 88.3% de las f\u00e9minas con negocios propios en sectores como gastronom\u00eda, textiles y est\u00e9tica.<\/p>\n\n\n\n<p>Este esquema de formaci\u00f3n ha logrado que cientos de mujeres desarrollen habilidades que les han permitido convertirse en micro y peque\u00f1as empresarias l\u00edderes en sus comunidades, transformando con ello la vida de sus familiares y forjando un futuro promisorio para sus hijos e hijas.<\/p>\n\n\n\n<p>En cuanto a los espacios educativos comunitarios \u201cClub de Chicas\u201d, enfocados en la reducci\u00f3n de uniones tempranas y embarazos en adolescentes, el proyecto impact\u00f3 a 1,313 participantes este a\u00f1o, sumando un total de 6,482 desde 2021. La iniciativa cuenta con el apoyo y acompa\u00f1amiento t\u00e9cnico del Fondo de las Naciones Unidas para la Infancia (Unicef) y la Agencia de Cooperaci\u00f3n Internacional de Corea (KOICA), por sus siglas en ingl\u00e9s.<\/p>\n\n\n\n<p>El proyecto Juventud Sup\u00e9rate impact\u00f3 a 19, 660 adolescentes y j\u00f3venes a nivel nacional, impuls\u00e1ndose con las iniciativas Beb\u00e9 Pi\u00e9nsalo Bien, Punto Joven, Un Viaje por mi Patria y M\u00e1ster Class, enfocadas en la prevenci\u00f3n, la formaci\u00f3n y el fortalecimiento de valores c\u00edvicos.<\/p>\n\n\n\n<p>La Biblioteca Infantil y Juvenil Rep\u00fablica Dominicana (BIJRD), desde su reapertura en 2025, cont\u00f3 con la participaci\u00f3n de 15,053 ni\u00f1os, ni\u00f1as, adolescentes y j\u00f3venes en diversas actividades culturales y formativas.<\/p>\n\n\n\n<p><strong>En cifras<\/strong><\/p>\n\n\n\n<p>La direcci\u00f3n de Operaciones y Servicios garantiz\u00f3 las transferencias de los subsidios sociales de un mill\u00f3n 453 mil familias que viven en situaci\u00f3n de vulnerabilidad social y pobreza monetaria. Al cierre de este a\u00f1o, el subsidio Alim\u00e9ntate alcanz\u00f3 a 1,445,612 hogares, mientras que Bonogas y Bonoluz beneficiaron a 1.2 millones y 557 mil familias respectivamente, a los que se sumaron los incentivos educativos, el de la vejez en pobreza extrema, el apoyo a ni\u00f1os y ni\u00f1as con discapacidad, de la mujer en situaci\u00f3n de vulnerabilidad, y los que promueven emprendimientos en la agropecuaria.<\/p>\n\n\n\n<p>&#8212;<\/p>\n\n\n\n<p><strong>Prensa Direcci\u00f3n Desarrollo Social Sup\u00e9rate<\/strong><\/p>\n\n\n\n<p><strong>Sup\u00e9rate Prensa<\/strong><strong>&nbsp;<\/strong><strong><a href=\"mailto:superateprensa@gmail.com\">superateprensa@gmail.com<\/a> <\/strong><strong><\/strong><\/p>\n","protected":false},"excerpt":{"rendered":"<p>A trav\u00e9s de este modelo de acompa\u00f1amiento integral, la entidad gubernamental impulsa capacidades, empleabilidad y autonom\u00eda, apostando a la movilidad social sostenible Santo Domingo, DN. 30 de diciembre de 2025. \u2013\u00a0La incorporaci\u00f3n de 40 mil nuevas familias en la Ruta de Superaci\u00f3n\u00a0para alcanzar\u00a0un total de 276,951 hogares impactados a nivel nacional,\u00a0junto\u00a0a los avances del piloto [&hellip;]<\/p>\n","protected":false},"author":7,"featured_media":657709,"comment_status":"closed","ping_status":"closed","sticky":false,"template":"","format":"standard","meta":{"footnotes":""},"categories":[36],"tags":[388],"class_list":["post-657686","post","type-post","status-publish","format-standard","has-post-thumbnail","hentry","category-hombresmujeresycosas","tag-superate"],"_links":{"self":[{"href":"https:\/\/diariodominicano.com\/index.php?rest_route=\/wp\/v2\/posts\/657686","targetHints":{"allow":["GET"]}}],"collection":[{"href":"https:\/\/diariodominicano.com\/index.php?rest_route=\/wp\/v2\/posts"}],"about":[{"href":"https:\/\/diariodominicano.com\/index.php?rest_route=\/wp\/v2\/types\/post"}],"author":[{"embeddable":true,"href":"https:\/\/diariodominicano.com\/index.php?rest_route=\/wp\/v2\/users\/7"}],"replies":[{"embeddable":true,"href":"https:\/\/diariodominicano.com\/index.php?rest_route=%2Fwp%2Fv2%2Fcomments&post=657686"}],"version-history":[{"count":2,"href":"https:\/\/diariodominicano.com\/index.php?rest_route=\/wp\/v2\/posts\/657686\/revisions"}],"predecessor-version":[{"id":657763,"href":"https:\/\/diariodominicano.com\/index.php?rest_route=\/wp\/v2\/posts\/657686\/revisions\/657763"}],"wp:featuredmedia":[{"embeddable":true,"href":"https:\/\/diariodominicano.com\/index.php?rest_route=\/wp\/v2\/media\/657709"}],"wp:attachment":[{"href":"https:\/\/diariodominicano.com\/index.php?rest_route=%2Fwp%2Fv2%2Fmedia&parent=657686"}],"wp:term":[{"taxonomy":"category","embeddable":true,"href":"https:\/\/diariodominicano.com\/index.php?rest_route=%2Fwp%2Fv2%2Fcategories&post=657686"},{"taxonomy":"post_tag","embeddable":true,"href":"https:\/\/diariodominicano.com\/index.php?rest_route=%2Fwp%2Fv2%2Ftags&post=657686"}],"curies":[{"name":"wp","href":"https:\/\/api.w.org\/{rel}","templated":true}]}}