{"id":65768,"date":"2012-05-02T21:43:16","date_gmt":"2012-05-02T21:43:16","guid":{"rendered":"http:\/\/diariodominicano.ddns.net\/?p=65768"},"modified":"2012-05-02T21:43:16","modified_gmt":"2012-05-02T21:43:16","slug":"uasd-concluye-con-exito-seminario-sobre-la-investigacion-vinculada-al-desarrollo-del-pais","status":"publish","type":"post","link":"https:\/\/diariodominicano.com\/?p=65768","title":{"rendered":"UASD concluye con \u00e9xito seminario sobre la Investigaci\u00f3n Vinculada al Desarrollo del pa\u00eds"},"content":{"rendered":"<p><body><\/p>\n<p><img decoding=\"async\" src=\"img3\/jornada.JPG\" \/>  <\/p>\n<p><span class=\"text1noticias\">Rep.Dom. 2 de Mayo 05:47 P.M.-La Universidad Aut\u00f3noma de Santo Domingo (UASD) culmin\u00f3 con \u00e9xito un seminario taller sobre las l\u00edneas de investigaci\u00f3n en esa academia, en el marco de la Estrategia Nacional de Desarrollo, con la participaci\u00f3n de distintas instituciones del Estado.<\/span><\/p>\n<\/p>\n<p><span class=\"text1noticias\">El acto inaugural de la actividad \u00abLa Investigaci\u00f3n Vinculada al Desarrollo de la Rep\u00fablica Dominicana\u00bb, llevada a cabo en el auditorio Manuel del Cabral de la biblioteca Pedro Mir, fue encabezada por el rector, maestro Mateo Aquino Febrillet, quien pronunci\u00f3 el discurso central.<\/span><\/p>\n<\/p>\n<p><span class=\"text1noticias\">Aquino Febrillet se refiri\u00f3 a la Ley 1-12, del 25 de enero del presente a\u00f1o, sobre la Estrategia Nacional de Desarrollo, donde las estrategias parten de un cambio de modelo de desarrollo y critic\u00f3 las limitaciones, a pesar de los logros alcanzados.<\/span><\/p>\n<\/p>\n<p><span class=\"text1noticias\">Dijo que en el modelo econ\u00f3mico vigente en los \u00faltimos 20 a\u00f1os han predominado las exportaciones de bajo valor agregado, basadas  en la producci\u00f3n de bienes y servicios a partir de manos de obras baratas, induciendo a una limitada productividad  y la ley ha puesto poco \u00e9nfasis a la innovaci\u00f3n tecnol\u00f3gica.<\/span><\/p>\n<\/p>\n<p><span class=\"text1noticias\">Agreg\u00f3 que en cuanto a las cuatro l\u00edneas generales de Ley en materia de investigaci\u00f3n, \u00e9sta plantea el desarrollo de la biotecnolog\u00eda, avances en la nanotecnolog\u00eda, producci\u00f3n de bienes a partir de nuevos materiales y difusi\u00f3n de la tecnolog\u00eda de la informaci\u00f3n y la comunicaci\u00f3n.<\/span><\/p>\n<\/p>\n<p><span class=\"text1noticias\">         Expres\u00f3 tambi\u00e9n, que la UASD est\u00e1 guiada en el contexto que establece la Constituci\u00f3n de la Rep\u00fablica, en el art\u00edculo 63, ac\u00e1pite 1, en el sentido de que la educaci\u00f3n tiene por objeto la formaci\u00f3n integral del ser humano y debe orientarse hacia el desarrollo de su potencial creativo y sus valores \u00e9ticos.<\/span><\/p>\n<\/p>\n<p><span class=\"text1noticias\">De su lado, el vicerrector de Investigaci\u00f3n y Postgrado, maestro Francisco Vegazo Ram\u00edrez, al decir las palabras de bienvenida, afirm\u00f3 que el desarrollo de un pa\u00eds se alcanza a trav\u00e9s del conocimiento y \u00e9ste a su vez con la investigaci\u00f3n, actividad que debe ser funci\u00f3n principal de todas las universidades.<\/span><\/p>\n<\/p>\n<p><span class=\"text1noticias\">Ponencias<\/span><\/p>\n<\/p>\n<p><span class=\"text1noticias\">El Ministro de  Medio Ambiente y Recursos Naturales, ingeniero Ernesto Reyna, tuvo a su cargo la primera ponencia y se refiri\u00f3 a la investigaci\u00f3n ambiental en el marco de la planificaci\u00f3n estrat\u00e9gica de la instituci\u00f3n que dirige, al tiempo de expresar que conforme a la Ley, promueve la investigaci\u00f3n dentro del marco de la Estrategia Nacional de Desarrollo 2010-2030.<\/span><\/p>\n<\/p>\n<p><span class=\"text1noticias\">Otras ponencias programadas fueron la de la doctora Magdalena Lizardo, directora de la Unidad Asesora de An\u00e1lisis Econ\u00f3mico y Social del Ministro de Econom\u00eda, Planificaci\u00f3n y Desarrollo; la del licenciado Di\u00f3genes Aybar, viceministro de Educaci\u00f3n Superior, Ciencia y Tecnolog\u00eda; la de la doctora  Carmen Dur\u00e1n, directora de Educaci\u00f3n del Ministerio de la Mujer.<\/span><\/p>\n<\/p>\n<p><span class=\"text1noticias\">Tambi\u00e9n, la del licenciado Francisco Capell\u00e1n, de la Confederaci\u00f3n Dominicana de la Micro, Peque\u00f1a y Mediana Empresa, Inc. (CODOPYME); la del licenciado Julio Leonardo Valeiron, director ejecutivo del Instituto Dominicano de Evaluaci\u00f3n e Investigaci\u00f3n de la Calidad Educativa del Ministerio de Educaci\u00f3n; la de la licenciada Marina Ort\u00edz, directora ejecutiva del fondo para el Financiamiento de la Micro Empresa; y la del ingeniero Juan B. G\u00f3mez, superintendente de Electricidad.<\/span><\/p>\n<\/p>\n<p><span class=\"text1noticias\">Al acto asistieron adem\u00e1s, los vicerrectores Docente, doctor Jorge Asjana David; Administrativa, maestra Emma Polanco, y de Extensi\u00f3n, maestro Francisco Terrero Galarza; el ex rector de la academia, doctor Guarocuya Batista del Villar; licenciado Leonardo Valeiron, del Ministerio de Educaci\u00f3n, as\u00ed como decanos, directores departamentales, entre otros funcionarios universitarios.(HG)<\/span>.<\/p>\n<\/p>\n<h6> 2012-05-02 21:43:16 <\/h6>\n<p><!--\n<link rel=\"stylesheet\" href=\"css\/bootstrap.min.css\">\n\n\n<ul class=\"pagination\">\n\t    \n\t\n\n<li >\n\t<a href='?page_no=17445'>Previous<\/a>\n\t<\/li>\n\n\n       \n    \n\n<li><a href='?page_no=1'>1<\/a><\/li>\n\n\n\n<li><a href='?page_no=2'>2<\/a><\/li>\n\n\n\n<li><a>...<\/a><\/li>\n\n\n\n<li><a href='?page_no=17444'>17444<\/a><\/li>\n\n\n\n<li><a href='?page_no=17445'>17445<\/a><\/li>\n\n\n\n<li class='active'><a>17446<\/a><\/li>\n\n\n\n<li><a href='?page_no=17447'>17447<\/a><\/li>\n\n\n\n<li><a href='?page_no=17448'>17448<\/a><\/li>\n\n\n\n<li><a>...<\/a><\/li>\n\n\n\n<li><a href='?page_no=22911'>22911<\/a><\/li>\n\n\n\n<li><a href='?page_no=22912'>22912<\/a><\/li>\n\n    \n\t\n\n<li >\n\t<a href='?page_no=17447'>Next<\/a>\n\t<\/li>\n\n\n    \n\n<li><a href='?page_no=22912'>Last &rsaquo;&rsaquo;<\/a><\/li>\n\n<\/ul>\n\n\n--><br \/>\n<\/body><\/p>\n","protected":false},"excerpt":{"rendered":"<p>Rep.Dom. 2 de Mayo 05:47 P.M.-La Universidad Aut\u00f3noma de Santo Domingo (UASD) culmin\u00f3 con \u00e9xito un seminario taller sobre las l\u00edneas de investigaci\u00f3n en esa academia, en el marco de la Estrategia Nacional de Desarrollo, con la participaci\u00f3n de distintas instituciones del Estado. El acto inaugural de la actividad \u00abLa Investigaci\u00f3n Vinculada al Desarrollo de [&hellip;]<\/p>\n","protected":false},"author":3,"featured_media":0,"comment_status":"open","ping_status":"open","sticky":false,"template":"","format":"standard","meta":{"footnotes":""},"categories":[21],"tags":[],"class_list":["post-65768","post","type-post","status-publish","format-standard","hentry","category-cultura"],"_links":{"self":[{"href":"https:\/\/diariodominicano.com\/index.php?rest_route=\/wp\/v2\/posts\/65768","targetHints":{"allow":["GET"]}}],"collection":[{"href":"https:\/\/diariodominicano.com\/index.php?rest_route=\/wp\/v2\/posts"}],"about":[{"href":"https:\/\/diariodominicano.com\/index.php?rest_route=\/wp\/v2\/types\/post"}],"author":[{"embeddable":true,"href":"https:\/\/diariodominicano.com\/index.php?rest_route=\/wp\/v2\/users\/3"}],"replies":[{"embeddable":true,"href":"https:\/\/diariodominicano.com\/index.php?rest_route=%2Fwp%2Fv2%2Fcomments&post=65768"}],"version-history":[{"count":0,"href":"https:\/\/diariodominicano.com\/index.php?rest_route=\/wp\/v2\/posts\/65768\/revisions"}],"wp:attachment":[{"href":"https:\/\/diariodominicano.com\/index.php?rest_route=%2Fwp%2Fv2%2Fmedia&parent=65768"}],"wp:term":[{"taxonomy":"category","embeddable":true,"href":"https:\/\/diariodominicano.com\/index.php?rest_route=%2Fwp%2Fv2%2Fcategories&post=65768"},{"taxonomy":"post_tag","embeddable":true,"href":"https:\/\/diariodominicano.com\/index.php?rest_route=%2Fwp%2Fv2%2Ftags&post=65768"}],"curies":[{"name":"wp","href":"https:\/\/api.w.org\/{rel}","templated":true}]}}