{"id":65767,"date":"2012-05-02T22:45:56","date_gmt":"2012-05-02T22:45:56","guid":{"rendered":"http:\/\/diariodominicano.ddns.net\/?p=65767"},"modified":"2012-05-02T22:45:56","modified_gmt":"2012-05-02T22:45:56","slug":"los-ministerios-de-educacion-y-cultura-firman-convenio-para-reforzar-e-impulsar-valores-de-la-dominicanidad","status":"publish","type":"post","link":"https:\/\/diariodominicano.com\/?p=65767","title":{"rendered":"Los ministerios de Educaci\u00f3n y Cultura firman convenio  para reforzar e impulsar valores de la dominicanidad"},"content":{"rendered":"<p><body><\/p>\n<p><img decoding=\"async\" src=\"http:\/\/localhost:8080\/img3\/acuerdo.JPG\" \/>  <\/p>\n<p><span class=\"text1noticias\">Rep.Dom. 2 de Mayo 06:45 P.M.-El Ministerio de Educaci\u00f3n (MINERD) y el Ministerio de Cultura firmaron un convenio de colaboraci\u00f3n, con el objetivo de aunar esfuerzos para llevar a cabo metas y prop\u00f3sitos comunes, a fin de reforzar la sensibilidad y el conocimiento acerca de los valores filos\u00f3ficos, \u00e9ticos y est\u00e9ticos, propios de la identidad dominicana, consagrados en las leyes y expresados en el patrimonio tangible e intangible, y en expresiones tradicionales y actuales de la cultura universal.<\/span><\/p>\n<\/p>\n<p><span class=\"text1noticias\">El acuerdo fue rubricado por la titular del MINERD, licenciada Josefina Pimentel, y el ministro de Cultura, licenciado Jos\u00e9 Rafael Lantigua, durante un acto realizado en el pabell\u00f3n de la instituci\u00f3n educativa en la XV Feria Internacional del Libro.<\/span><\/p>\n<\/p>\n<p><span class=\"text1noticias\">El convenio compromete al Ministerio de Cultura a elaborar y poner a la disposici\u00f3n del MINERD materiales cuyos contenidos de car\u00e1cter educativo, cultural, art\u00edstico y literario la instituci\u00f3n rectora del sistema de educaci\u00f3n p\u00fablica considere adecuados para apoyar y complementar la formaci\u00f3n integral de docentes en el \u00e1rea de educaci\u00f3n art\u00edstica.<\/span><\/p>\n<\/p>\n<p><span class=\"text1noticias\">Asimismo, ambas instituciones formular\u00e1n planes y programas para el fortalecimiento de las bibliotecas escolares pertenecientes al MINERD, a trav\u00e9s de la edici\u00f3n y distribuci\u00f3n de publicaciones especializadas.<\/span><\/p>\n<\/p>\n<p><span class=\"text1noticias\">De igual manera, impulsar\u00e1n la capacitaci\u00f3n y actualizaci\u00f3n de su personal docente de los niveles inicial, b\u00e1sico y medio, con la finalidad de que obtengan los conocimientos y capacidades para el fortalecimiento de los programas curriculares que implementan en las distintas \u00e1reas, tanto de la educaci\u00f3n formal como de la informal.<\/span><\/p>\n<\/p>\n<p><span class=\"text1noticias\">\u00abLas partes acuerdan desarrollar programas para el fortalecimiento y desarrollo de una red de bandas de m\u00fasica, coros, grupos de danzas folkl\u00f3ricas y populares, grupos de teatro, de t\u00edteres, de pantomimas y de poes\u00eda coreada, entre otros, que funcionen en las escuelas pertenecientes al MINERD, asesoradas por una comisi\u00f3n especializada de t\u00e9cnicos del \u00e1rea pertenecientes al Ministerio de Cultura\u00bb, indica uno de los art\u00edculos del convenio.<\/span><\/p>\n<\/p>\n<p><span class=\"text1noticias\">El acuerdo, que contiene 14 art\u00edculos, tendr\u00e1 una duraci\u00f3n de un a\u00f1o y podr\u00e1 ser prorrogado de com\u00fan acuerdo entre las partes.<\/span><\/p>\n<\/p>\n<p><span class=\"text1noticias\">Durante el acto, la ministra Pimentel dijo estar complacida con la firma de este convenio, que habr\u00e1 de estrechar aun m\u00e1s las relaciones de colaboraci\u00f3n y de intercambio entre ambos ministerios.<\/span><\/p>\n<p><span class=\"text1noticias\">\u00abAmbas entidades han llevado una trayectoria de trabajo en com\u00fan. Hemos encaminados juntos m\u00faltiples iniciativas en el \u00e1mbito cultural y en el desarrollo de capacidades y talentos en el campo diverso de las artes, la educaci\u00f3n art\u00edstica y la formaci\u00f3n de docentes. Este trabajo habr\u00e1 de continuarse y de ser fortalecido\u00bb, precis\u00f3.<\/span><\/p>\n<\/p>\n<p><span class=\"text1noticias\">Dijo que el MINERD necesita del apoyo, asesor\u00eda y acompa\u00f1amiento de todos los expertos y especialistas de las diferentes ramas de las artes y de la cultura, y sobre todo compartir con los estudiantes el patrimonio cultural, art\u00edstico e hist\u00f3rico del pa\u00eds, para afianzar los valores de amor, cuidado y respeto hacia \u00e9ste.<\/span><\/p>\n<\/p>\n<p><span class=\"text1noticias\">\u00abEste acuerdo permitir\u00e1 que ustedes nos asesoren en cuanto a  los grupos de arte que ya est\u00e1n activos en las escuelas, como son los de teatro, coros, danzas folkl\u00f3ricas, danzas modernas y en todas las capacidades que se vislumbra  en el campo de la poes\u00eda\u00bb, se\u00f1al\u00f3 Pimentel.<\/span><\/p>\n<\/p>\n<p><span class=\"text1noticias\">En tanto, el licenciado Lantigua dijo que el acuerdo constituye un homenaje a la ministra de Educaci\u00f3n, pues fue perseguido por el Ministerio de Cultura durante siete a\u00f1os y fue su sensibilidad de maestra la que finalmente lo hizo posible.<\/span><\/p>\n<\/p>\n<p><span class=\"text1noticias\">Al finalizar la actividad, la licenciada Pimentel expres\u00f3 que se siente muy feliz cuando  en un plantel ve una banda de m\u00fasica estudiantil ejecutando a la perfecci\u00f3n el Himno Nacional, o cualquier pieza del folklor nacional, un grupo de teatro, o coros escolares entonando canciones dif\u00edciles. \u00abSi esos j\u00f3venes con talentos  tuvieran  asesor\u00eda fueran en el futuro profesionales de esa rama o personas muy destacadas\u00bb, sostuvo. (HG)<\/span>.  <\/p>\n<h6> 2012-05-02 22:45:56 <\/h6>\n<p><!--\n<link rel=\"stylesheet\" href=\"css\/bootstrap.min.css\">\n\n\n<ul class=\"pagination\">\n\t    \n\t\n\n<li >\n\t<a href='?page_no=17444'>Previous<\/a>\n\t<\/li>\n\n\n       \n    \n\n<li><a href='?page_no=1'>1<\/a><\/li>\n\n\n\n<li><a href='?page_no=2'>2<\/a><\/li>\n\n\n\n<li><a>...<\/a><\/li>\n\n\n\n<li><a href='?page_no=17443'>17443<\/a><\/li>\n\n\n\n<li><a href='?page_no=17444'>17444<\/a><\/li>\n\n\n\n<li class='active'><a>17445<\/a><\/li>\n\n\n\n<li><a href='?page_no=17446'>17446<\/a><\/li>\n\n\n\n<li><a href='?page_no=17447'>17447<\/a><\/li>\n\n\n\n<li><a>...<\/a><\/li>\n\n\n\n<li><a href='?page_no=22911'>22911<\/a><\/li>\n\n\n\n<li><a href='?page_no=22912'>22912<\/a><\/li>\n\n    \n\t\n\n<li >\n\t<a href='?page_no=17446'>Next<\/a>\n\t<\/li>\n\n\n    \n\n<li><a href='?page_no=22912'>Last &rsaquo;&rsaquo;<\/a><\/li>\n\n<\/ul>\n\n\n--><br \/>\n<\/body><\/p>\n","protected":false},"excerpt":{"rendered":"<p>Rep.Dom. 2 de Mayo 06:45 P.M.-El Ministerio de Educaci\u00f3n (MINERD) y el Ministerio de Cultura firmaron un convenio de colaboraci\u00f3n, con el objetivo de aunar esfuerzos para llevar a cabo metas y prop\u00f3sitos comunes, a fin de reforzar la sensibilidad y el conocimiento acerca de los valores filos\u00f3ficos, \u00e9ticos y est\u00e9ticos, propios de la identidad [&hellip;]<\/p>\n","protected":false},"author":3,"featured_media":0,"comment_status":"open","ping_status":"open","sticky":false,"template":"","format":"standard","meta":{"footnotes":""},"categories":[21],"tags":[],"class_list":["post-65767","post","type-post","status-publish","format-standard","hentry","category-cultura"],"_links":{"self":[{"href":"https:\/\/diariodominicano.com\/index.php?rest_route=\/wp\/v2\/posts\/65767","targetHints":{"allow":["GET"]}}],"collection":[{"href":"https:\/\/diariodominicano.com\/index.php?rest_route=\/wp\/v2\/posts"}],"about":[{"href":"https:\/\/diariodominicano.com\/index.php?rest_route=\/wp\/v2\/types\/post"}],"author":[{"embeddable":true,"href":"https:\/\/diariodominicano.com\/index.php?rest_route=\/wp\/v2\/users\/3"}],"replies":[{"embeddable":true,"href":"https:\/\/diariodominicano.com\/index.php?rest_route=%2Fwp%2Fv2%2Fcomments&post=65767"}],"version-history":[{"count":0,"href":"https:\/\/diariodominicano.com\/index.php?rest_route=\/wp\/v2\/posts\/65767\/revisions"}],"wp:attachment":[{"href":"https:\/\/diariodominicano.com\/index.php?rest_route=%2Fwp%2Fv2%2Fmedia&parent=65767"}],"wp:term":[{"taxonomy":"category","embeddable":true,"href":"https:\/\/diariodominicano.com\/index.php?rest_route=%2Fwp%2Fv2%2Fcategories&post=65767"},{"taxonomy":"post_tag","embeddable":true,"href":"https:\/\/diariodominicano.com\/index.php?rest_route=%2Fwp%2Fv2%2Ftags&post=65767"}],"curies":[{"name":"wp","href":"https:\/\/api.w.org\/{rel}","templated":true}]}}