{"id":65766,"date":"2012-05-02T23:43:16","date_gmt":"2012-05-02T23:43:16","guid":{"rendered":"http:\/\/diariodominicano.ddns.net\/?p=65766"},"modified":"2012-05-02T23:43:16","modified_gmt":"2012-05-02T23:43:16","slug":"rector-uasd-anuncia-definiran-investigaciones-de-tesis-de-grado-para-que-beneficien-al-pais","status":"publish","type":"post","link":"https:\/\/diariodominicano.com\/?p=65766","title":{"rendered":"Rector UASD anuncia definir\u00e1n investigaciones de tesis de grado para que beneficien al pa\u00eds"},"content":{"rendered":"<p><body><\/p>\n<p><img decoding=\"async\" src=\"img3\/tesis.JPG\" \/>  <\/p>\n<p><span class=\"text1noticias\">Rep.Dom. 2 de Mayo 07:45 P.M.-El rector de la Universidad Aut\u00f3noma de Santo Domingo (UASD), maestro Mateo Aquino Febrillet inform\u00f3 que en lo adelante se definir\u00e1n los temas de investigaci\u00f3n para los trabajos de tesis de grado, con el objetivo de contribuir en la soluci\u00f3n de los principales problemas del pa\u00eds.<\/span><\/p>\n<\/p>\n<p><span class=\"text1noticias\">Al hablar en el acto de inauguraci\u00f3n de la Maestr\u00eda en Derecho Constitucional y Procesal Penal, en el Auditorio Manuel del Cabral de la Biblioteca Pedro Mir, Aquino Febrillet explic\u00f3 que la universidad definir\u00e1 las l\u00edneas de investigaci\u00f3n directamente relacionadas con lo que demanda el pa\u00eds.<\/span><\/p>\n<\/p>\n<p><span class=\"text1noticias\">La m\u00e1xima autoridad universitaria valor\u00f3 la realizaci\u00f3n de este programa del cuarto nivel por considerar que el mismo se vincula con la pol\u00edtica de investigaci\u00f3n que est\u00e1 desarrollando la Primada de Am\u00e9rica.<\/span><\/p>\n<\/p>\n<p><span class=\"text1noticias\">Mientras, el decano de la facultad de Ciencias Jur\u00eddicas y Pol\u00edticas, maestro Antonio Medina, expres\u00f3 que con la maestr\u00eda \u00abestamos formando un nuevo liderazgo, un nuevo staff de docentes y profesionales, con una s\u00f3lida e integral formaci\u00f3n en base a valores de transparencia, honestidad y capacidad acad\u00e9mica para socializar conocimientos y asumir el cambio en las instituciones p\u00fablicas y privadas\u00bb.<\/span><\/p>\n<\/p>\n<p><span class=\"text1noticias\">La inauguraci\u00f3n de la maestr\u00eda cont\u00f3 con la conferencia magistral a cargo del jurista Eduardo Jorge Prats, con el t\u00edtulo \u00abEl Estado social y democr\u00e1tico de derecho en la nueva constituci\u00f3n\u00bb, quien dijo que en un pa\u00eds caracterizado por la pobreza extrema, \u00abla gran pobreza de nuestro Derecho Constitucional es no haber sido consagrado como un derecho en la lucha contra la pobreza\u00bb.<\/span><\/p>\n<\/p>\n<p><span class=\"text1noticias\">Consider\u00f3 que en el pa\u00eds falta una cultura de reclamo en vista de que \u00abel derecho que no se reclama no se tiene, ya que los tribunales no se pueden auto apoderar, y que tomando los tribunales por asalto es que podemos cubrir ese gran d\u00e9ficit del Derecho Constitucional Dominicano, porque los tribunales son espacios para el dise\u00f1o de las pol\u00edticas p\u00fablicas y por lo tanto hay que tomar los tribunales a trav\u00e9s de la acci\u00f3n colectiva, de la acci\u00f3n popular\u00bb. <\/span><\/p>\n<\/p>\n<p><span class=\"text1noticias\">En el acto estuvieron presentes adem\u00e1s, el presidente del Tribunal Constitucional, Milton Ray Guevara; la directora ejecutiva del Comisionado de Apoyo a la Reforma y Modernizaci\u00f3n de la Justicia, Mariel Montero; y los coordinadores de la maestr\u00eda, Trajano Vidal Portentini y Adonis Mart\u00ednez; <\/span><\/p>\n<p><span class=\"text1noticias\">Tambi\u00e9n el vicerrector de Investigaci\u00f3n y Postgrado, Francisco Vegazo; el decano de la facultad de Ciencias de la Salud, Mauro Canario, el ex vicerrector de Extensi\u00f3n, Rafael Nino F\u00e9liz, as\u00ed como jueces y miembros del ministerio p\u00fablico, profesores y estudiantes de la academia.(HG)<\/span>.<\/p>\n<h6> 2012-05-02 23:43:16 <\/h6>\n<p><!--\n<link rel=\"stylesheet\" href=\"css\/bootstrap.min.css\">\n\n\n<ul class=\"pagination\">\n\t    \n\t\n\n<li >\n\t<a href='?page_no=17443'>Previous<\/a>\n\t<\/li>\n\n\n       \n    \n\n<li><a href='?page_no=1'>1<\/a><\/li>\n\n\n\n<li><a href='?page_no=2'>2<\/a><\/li>\n\n\n\n<li><a>...<\/a><\/li>\n\n\n\n<li><a href='?page_no=17442'>17442<\/a><\/li>\n\n\n\n<li><a href='?page_no=17443'>17443<\/a><\/li>\n\n\n\n<li class='active'><a>17444<\/a><\/li>\n\n\n\n<li><a href='?page_no=17445'>17445<\/a><\/li>\n\n\n\n<li><a href='?page_no=17446'>17446<\/a><\/li>\n\n\n\n<li><a>...<\/a><\/li>\n\n\n\n<li><a href='?page_no=22911'>22911<\/a><\/li>\n\n\n\n<li><a href='?page_no=22912'>22912<\/a><\/li>\n\n    \n\t\n\n<li >\n\t<a href='?page_no=17445'>Next<\/a>\n\t<\/li>\n\n\n    \n\n<li><a href='?page_no=22912'>Last &rsaquo;&rsaquo;<\/a><\/li>\n\n<\/ul>\n\n\n--><br \/>\n<\/body><\/p>\n","protected":false},"excerpt":{"rendered":"<p>Rep.Dom. 2 de Mayo 07:45 P.M.-El rector de la Universidad Aut\u00f3noma de Santo Domingo (UASD), maestro Mateo Aquino Febrillet inform\u00f3 que en lo adelante se definir\u00e1n los temas de investigaci\u00f3n para los trabajos de tesis de grado, con el objetivo de contribuir en la soluci\u00f3n de los principales problemas del pa\u00eds. Al hablar en el [&hellip;]<\/p>\n","protected":false},"author":3,"featured_media":0,"comment_status":"open","ping_status":"open","sticky":false,"template":"","format":"standard","meta":{"footnotes":""},"categories":[21],"tags":[],"class_list":["post-65766","post","type-post","status-publish","format-standard","hentry","category-cultura"],"_links":{"self":[{"href":"https:\/\/diariodominicano.com\/index.php?rest_route=\/wp\/v2\/posts\/65766","targetHints":{"allow":["GET"]}}],"collection":[{"href":"https:\/\/diariodominicano.com\/index.php?rest_route=\/wp\/v2\/posts"}],"about":[{"href":"https:\/\/diariodominicano.com\/index.php?rest_route=\/wp\/v2\/types\/post"}],"author":[{"embeddable":true,"href":"https:\/\/diariodominicano.com\/index.php?rest_route=\/wp\/v2\/users\/3"}],"replies":[{"embeddable":true,"href":"https:\/\/diariodominicano.com\/index.php?rest_route=%2Fwp%2Fv2%2Fcomments&post=65766"}],"version-history":[{"count":0,"href":"https:\/\/diariodominicano.com\/index.php?rest_route=\/wp\/v2\/posts\/65766\/revisions"}],"wp:attachment":[{"href":"https:\/\/diariodominicano.com\/index.php?rest_route=%2Fwp%2Fv2%2Fmedia&parent=65766"}],"wp:term":[{"taxonomy":"category","embeddable":true,"href":"https:\/\/diariodominicano.com\/index.php?rest_route=%2Fwp%2Fv2%2Fcategories&post=65766"},{"taxonomy":"post_tag","embeddable":true,"href":"https:\/\/diariodominicano.com\/index.php?rest_route=%2Fwp%2Fv2%2Ftags&post=65766"}],"curies":[{"name":"wp","href":"https:\/\/api.w.org\/{rel}","templated":true}]}}