{"id":65765,"date":"2012-05-03T00:25:02","date_gmt":"2012-05-03T00:25:02","guid":{"rendered":"http:\/\/diariodominicano.ddns.net\/?p=65765"},"modified":"2012-05-03T00:25:02","modified_gmt":"2012-05-03T00:25:02","slug":"las-raices-mayas-llegan-a-la-feria","status":"publish","type":"post","link":"https:\/\/diariodominicano.com\/?p=65765","title":{"rendered":"Las ra\u00edces mayas llegan a la Feria"},"content":{"rendered":"<p><body><\/p>\n<p><img decoding=\"async\" src=\"img3\/mayas.JPG\" \/>  <\/p>\n<p><span class=\"text1noticias\">Rep.Dom. 2 de Mayo 08:25 P.M.-Cinco de los siete pa\u00edses que conforman la regi\u00f3n invitada de honor, Centroam\u00e9rica, mantienen en su cultura las tradiciones de la civilizaci\u00f3n maya, la cual habit\u00f3 una vasta regi\u00f3n denominada Mesoam\u00e9rica, en el territorio este miercoles  comprendido por cinco estados del sureste de M\u00e9xico y parte de Am\u00e9rica Central. <\/span><\/p>\n<\/p>\n<p><span class=\"text1noticias\">Su cultura fue conocida por haber desarrollado una \u00fanica lengua escrita en la Am\u00e9rica precolombina, as\u00ed como por su arte, arquitectura y sistemas matem\u00e1tico y astron\u00f3mico. <\/span><\/p>\n<\/p>\n<p><span class=\"text1noticias\">En Guatemala, Belice, Honduras, Nicaragua y El Salvador sobreviven, al tiempo y los avatares de la historia, los descendientes mayas. Por eso, en esta Fil se ha dado especial importancia a presentar su cultura y tradiciones.<\/span><\/p>\n<\/p>\n<p><span class=\"text1noticias\">Desde el inicio del evento ferial, se ha estado desarrollando coloquios y encuentros que abordan distintos aspectos de esta civilizaci\u00f3n ancestral, sus creencias, su calendario, su m\u00fasica, tradiciones y pinturas.<\/span><\/p>\n<\/p>\n<p><span class=\"text1noticias\">Giovanni Castillo, Embajador de Guatemala, expres\u00f3 que \u00able enorgullece la oportunidad de dar a conocer la riqueza de nuestra cultura maya, ya que todos ustedes saben que este a\u00f1o es muy importante para todos los que vivimos en las zonas de nuestros antepasados, porque finaliza el calendario de cuenta larga\u00bb.<\/span><\/p>\n<\/p>\n<p><span class=\"text1noticias\">En la tarde de ayer, la Rosa de los Vientos fue el veh\u00edculo que se utiliz\u00f3 para realizar un viaje en el tiempo, m\u00e1s de quinientos a\u00f1os atr\u00e1s, y asistir, junto a todos los tripulantes, a un juego de pelota maya, el cual era concebido como un rito de iniciaci\u00f3n, muerte y renacimiento que legitimaba la acci\u00f3n militar y el poder pol\u00edtico. <\/span><\/p>\n<\/p>\n<p><span class=\"text1noticias\">El viaje astral continu\u00f3 en la noche, esta vez en la explanada del Teatro Nacional, con un desfile de trajes t\u00edpicos mayas. Atuendos espl\u00e9ndidamente elaborados, bordados con plumas y gemas, sandalias de cuero, grandes tocados de plumas, adem\u00e1s de collares, pectorales y pesados cinturones con incrustaciones de n\u00e1car y piedras grabadas; adem\u00e1s de faldas, capas cortas y largas, chaquetas de piel de jaguar, adornos de conchas, caracoles y dise\u00f1os geom\u00e9tricos. <\/span><\/p>\n<\/p>\n<p><span class=\"text1noticias\">Su danza y m\u00fasica, que se conservan con merecida vigencia en diversas regiones de lo que fuera la civilizaci\u00f3n maya, se represent\u00f3 en la \u00abDanza el Rey Quich\u00e9\u00bb, que narra la historia del rey que se enfrent\u00f3 a los conquistadores espa\u00f1oles en la batalla del Pinal. Este personaje legendario es considerado h\u00e9roe nacional de Guatemala.(HG)<\/span>.<\/p>\n<\/p>\n<\/p>\n<\/p>\n<\/p>\n<\/p>\n<\/p>\n<\/p>\n<\/p>\n<\/p>\n<\/p>\n<\/p>\n<\/p>\n<\/p>\n<\/p>\n<p>Pero del tiempo que he dedicado a la literatura ha sido tiempo robado, tiempo que les pertenec\u00eda a otros, no a mis hijos de ellos era tiempo, a Nipcira, Pavel Leo, y Rainer Collado Polanco. A todos ellos dedico este reconocimiento con la modestia que siempre e intentado cultivar seguro de que ni este ni ning\u00fan reconocimiento futuro, afectara mi manera de ser. Nunca ser\u00e1 hombre sabio aquel que no sea capaz de enter que el fundamento de la sabidur\u00eda es la humildad. <\/p>\n<\/p>\n<p>Todav\u00eda en nuestro pa\u00eds es v\u00e1lido el libro f\u00edsico en bibliotecas y en librer\u00edas, pue el soporte digital es todo un la lucha es contra el tiempo, todav\u00eda hay oportunidad para Miguel Collado que ha escogido un trabajo digno, generador de talentos y riqueza espiritual y ojala que tambi\u00e9n para \u00e9l sea de riqueza material. <\/p>\n<\/p>\n<p>Tres partes di\u00e1logo de miguel con Cicer\u00f3n, Inmemorian de Enriquillo S\u00e1nchez y a quien m\u00e1s agradecer,<\/p>\n<p>Di\u00e1logo de Miguel con Cicer\u00f3n, la gratitud hijo la gratitud, la gratitud no s\u00f3lo es la m\u00e1s grande de las virtudes sino, que engendra todas las dem\u00e1s. <\/p>\n<p>Y hoy viajo a la XV Feria Internacional del Libro de Santo Domingo donde hoy soy bendecido con el respeto de todos ustedes, por lo que debo ser un hombre agradecido por toda la vida. <\/p>\n<h6> 2012-05-03 00:25:02 <\/h6>\n<p><!--\n<link rel=\"stylesheet\" href=\"css\/bootstrap.min.css\">\n\n\n<ul class=\"pagination\">\n\t    \n\t\n\n<li >\n\t<a href='?page_no=17442'>Previous<\/a>\n\t<\/li>\n\n\n       \n    \n\n<li><a href='?page_no=1'>1<\/a><\/li>\n\n\n\n<li><a href='?page_no=2'>2<\/a><\/li>\n\n\n\n<li><a>...<\/a><\/li>\n\n\n\n<li><a href='?page_no=17441'>17441<\/a><\/li>\n\n\n\n<li><a href='?page_no=17442'>17442<\/a><\/li>\n\n\n\n<li class='active'><a>17443<\/a><\/li>\n\n\n\n<li><a href='?page_no=17444'>17444<\/a><\/li>\n\n\n\n<li><a href='?page_no=17445'>17445<\/a><\/li>\n\n\n\n<li><a>...<\/a><\/li>\n\n\n\n<li><a href='?page_no=22911'>22911<\/a><\/li>\n\n\n\n<li><a href='?page_no=22912'>22912<\/a><\/li>\n\n    \n\t\n\n<li >\n\t<a href='?page_no=17444'>Next<\/a>\n\t<\/li>\n\n\n    \n\n<li><a href='?page_no=22912'>Last &rsaquo;&rsaquo;<\/a><\/li>\n\n<\/ul>\n\n\n--><br \/>\n<\/body><\/p>\n","protected":false},"excerpt":{"rendered":"<p>Rep.Dom. 2 de Mayo 08:25 P.M.-Cinco de los siete pa\u00edses que conforman la regi\u00f3n invitada de honor, Centroam\u00e9rica, mantienen en su cultura las tradiciones de la civilizaci\u00f3n maya, la cual habit\u00f3 una vasta regi\u00f3n denominada Mesoam\u00e9rica, en el territorio este miercoles comprendido por cinco estados del sureste de M\u00e9xico y parte de Am\u00e9rica Central. Su [&hellip;]<\/p>\n","protected":false},"author":3,"featured_media":0,"comment_status":"open","ping_status":"open","sticky":false,"template":"","format":"standard","meta":{"footnotes":""},"categories":[21],"tags":[],"class_list":["post-65765","post","type-post","status-publish","format-standard","hentry","category-cultura"],"_links":{"self":[{"href":"https:\/\/diariodominicano.com\/index.php?rest_route=\/wp\/v2\/posts\/65765","targetHints":{"allow":["GET"]}}],"collection":[{"href":"https:\/\/diariodominicano.com\/index.php?rest_route=\/wp\/v2\/posts"}],"about":[{"href":"https:\/\/diariodominicano.com\/index.php?rest_route=\/wp\/v2\/types\/post"}],"author":[{"embeddable":true,"href":"https:\/\/diariodominicano.com\/index.php?rest_route=\/wp\/v2\/users\/3"}],"replies":[{"embeddable":true,"href":"https:\/\/diariodominicano.com\/index.php?rest_route=%2Fwp%2Fv2%2Fcomments&post=65765"}],"version-history":[{"count":0,"href":"https:\/\/diariodominicano.com\/index.php?rest_route=\/wp\/v2\/posts\/65765\/revisions"}],"wp:attachment":[{"href":"https:\/\/diariodominicano.com\/index.php?rest_route=%2Fwp%2Fv2%2Fmedia&parent=65765"}],"wp:term":[{"taxonomy":"category","embeddable":true,"href":"https:\/\/diariodominicano.com\/index.php?rest_route=%2Fwp%2Fv2%2Fcategories&post=65765"},{"taxonomy":"post_tag","embeddable":true,"href":"https:\/\/diariodominicano.com\/index.php?rest_route=%2Fwp%2Fv2%2Ftags&post=65765"}],"curies":[{"name":"wp","href":"https:\/\/api.w.org\/{rel}","templated":true}]}}