{"id":657647,"date":"2025-12-30T10:42:02","date_gmt":"2025-12-30T14:42:02","guid":{"rendered":"https:\/\/diariodominicano.com\/?p=657647"},"modified":"2025-12-30T16:51:11","modified_gmt":"2025-12-30T20:51:11","slug":"para-el-2026-habra-11-dias-feriados-en-eua-y-12-en-rd","status":"publish","type":"post","link":"https:\/\/diariodominicano.com\/?p=657647","title":{"rendered":"Para el 2026 habr\u00e1 11 d\u00edas feriados en EUA y 12 en RD"},"content":{"rendered":"\n<p><strong>Por Ram\u00f3n Mercedes<\/strong><\/p>\n\n\n\n<p><strong>NUEVA YORK.-<\/strong>&nbsp;En los Estados Unidos residen 2,398,009 dominicanos, seg\u00fan el \u00faltimo censo del INDEX, quienes para el 2026 se ver\u00e1n impactados de 11 d\u00edas feriados.<\/p>\n\n\n\n<p>Jueves 1\u00b0 de enero &#8211; A\u00f1o Nuevo. Lunes 19 &#8211; Aniversario de Martin Luther King Jr. Lunes 16 de febrero &#8211; D\u00eda de los Presidentes. Lunes 25 de mayo &#8211; Memorial Day. Viernes 19 de junio &#8211; Juneteenth. S\u00e1bado 4 de julio &#8211; D\u00eda de la Independencia. Lunes 7 de septiembre &#8211; D\u00eda del Trabajo. Lunes 12 de octubre &#8211; Columbus Day y D\u00eda de los Pueblos Ind\u00edgenas. Mi\u00e9rcoles 11 de noviembre &#8211; D\u00eda de los Veteranos, y jueves 26 &#8211; Thanksgiving Day. Viernes 25 de diciembre &#8211; Navidad.<\/p>\n\n\n\n<p>Estas fechas tienen un impacto particular, modifican horarios laborales, servicios p\u00fablicos, transporte y hasta la din\u00e1mica econ\u00f3mica de NYC. La ley federal establece que los d\u00edas festivos deben pagarse normalmente a empleados de tiempo completo y parcial.<\/p>\n\n\n\n<p>En la Rep\u00fablica Dominicana, el Ministerio de Trabajo informa que los d\u00edas feriados durante el a\u00f1o 2026 son 12, dando cumplimiento a la Ley 139-97, sobre traslado para los lunes de los d\u00edas feriados que coincidan con los martes, mi\u00e9rcoles, jueves o viernes,<\/p>\n\n\n\n<p>El jueves 1ro. de enero, A\u00f1o Nuevo, no se cambia; el martes 06, d\u00eda de los Santos Reyes, se trabaja y el feriado de cambia para el lunes 05; el mi\u00e9rcoles 21, d\u00eda de Nuestra Se\u00f1ora de la Altagracia, no se cambia; y el lunes 26 de enero, natalicio de Juan Pablo Duarte, no se cambia.<\/p>\n\n\n\n<p>El viernes 27 de febrero, d\u00eda de la Independencia Nacional, es inamovible. Viernes 03 de abril, Viernes Santo, festividad religiosa en que se conmemora la muerte de Jesucristo, es inamovible. El viernes 1ro. de mayo, d\u00eda del Trabajo, se trabaja y el feriado se cambia para el lunes 04 de mayo.<\/p>\n\n\n\n<p>El jueves 04 de junio, d\u00eda de Corpus Christi, no se cambia. Domingo 16 de agosto, d\u00eda de la Restauraci\u00f3n de la RD, no se cambia. El jueves 24 de septiembre, d\u00eda de Nuestra Se\u00f1ora de las Mercedes, no se cambia.<\/p>\n\n\n\n<p>Asimismo, el viernes 06 de noviembre, d\u00eda de la Constituci\u00f3n, se trabaja y el feriado se cambia para el lunes 09 de noviembre. Y el viernes 25 de diciembre, d\u00eda de Navidad, no se cambia.<\/p>\n","protected":false},"excerpt":{"rendered":"<p>Por Ram\u00f3n Mercedes NUEVA YORK.-&nbsp;En los Estados Unidos residen 2,398,009 dominicanos, seg\u00fan el \u00faltimo censo del INDEX, quienes para el 2026 se ver\u00e1n impactados de 11 d\u00edas feriados. Jueves 1\u00b0 de enero &#8211; A\u00f1o Nuevo. Lunes 19 &#8211; Aniversario de Martin Luther King Jr. Lunes 16 de febrero &#8211; D\u00eda de los Presidentes. Lunes 25 [&hellip;]<\/p>\n","protected":false},"author":2,"featured_media":657648,"comment_status":"closed","ping_status":"closed","sticky":false,"template":"","format":"standard","meta":{"footnotes":""},"categories":[21,36,27],"tags":[181],"class_list":["post-657647","post","type-post","status-publish","format-standard","has-post-thumbnail","hentry","category-cultura","category-hombresmujeresycosas","category-portada","tag-ramon-mercedes"],"_links":{"self":[{"href":"https:\/\/diariodominicano.com\/index.php?rest_route=\/wp\/v2\/posts\/657647","targetHints":{"allow":["GET"]}}],"collection":[{"href":"https:\/\/diariodominicano.com\/index.php?rest_route=\/wp\/v2\/posts"}],"about":[{"href":"https:\/\/diariodominicano.com\/index.php?rest_route=\/wp\/v2\/types\/post"}],"author":[{"embeddable":true,"href":"https:\/\/diariodominicano.com\/index.php?rest_route=\/wp\/v2\/users\/2"}],"replies":[{"embeddable":true,"href":"https:\/\/diariodominicano.com\/index.php?rest_route=%2Fwp%2Fv2%2Fcomments&post=657647"}],"version-history":[{"count":1,"href":"https:\/\/diariodominicano.com\/index.php?rest_route=\/wp\/v2\/posts\/657647\/revisions"}],"predecessor-version":[{"id":657649,"href":"https:\/\/diariodominicano.com\/index.php?rest_route=\/wp\/v2\/posts\/657647\/revisions\/657649"}],"wp:featuredmedia":[{"embeddable":true,"href":"https:\/\/diariodominicano.com\/index.php?rest_route=\/wp\/v2\/media\/657648"}],"wp:attachment":[{"href":"https:\/\/diariodominicano.com\/index.php?rest_route=%2Fwp%2Fv2%2Fmedia&parent=657647"}],"wp:term":[{"taxonomy":"category","embeddable":true,"href":"https:\/\/diariodominicano.com\/index.php?rest_route=%2Fwp%2Fv2%2Fcategories&post=657647"},{"taxonomy":"post_tag","embeddable":true,"href":"https:\/\/diariodominicano.com\/index.php?rest_route=%2Fwp%2Fv2%2Ftags&post=657647"}],"curies":[{"name":"wp","href":"https:\/\/api.w.org\/{rel}","templated":true}]}}