{"id":65763,"date":"2012-05-03T12:37:01","date_gmt":"2012-05-03T12:37:01","guid":{"rendered":"http:\/\/diariodominicano.ddns.net\/?p=65763"},"modified":"2012-05-03T12:37:01","modified_gmt":"2012-05-03T12:37:01","slug":"obras-de-escritores-cubanos-concitan-interes-en-dominicana","status":"publish","type":"post","link":"https:\/\/diariodominicano.com\/?p=65763","title":{"rendered":"Obras de escritores cubanos concitan inter\u00e9s en Dominicana"},"content":{"rendered":"<p><body><\/p>\n<p><img decoding=\"async\" src=\"img3\/cult libros.jpg\" \/>  <\/p>\n<p>Santo Domingo, 3 may (PL), 8:32 am.-  Obras de los escritores cubanos Enrique Ubieta y Eliades Acosta, con el sello de la Casa Editora Abril, fueron presentadas en la sede del partido Frente Amplio en esta capital.<\/p>\n<\/p>\n<p>Diana Li, de la Casa Editora Abril, destac\u00f3 que Cuba: \u00bfRevoluci\u00f3n o Reforma?, de Ubieta, y Cartas aut\u00e9nticas que nunca se escribieron, de Acosta, integran la oferta de su instituci\u00f3n para este a\u00f1o y tuvieron una gran acogida en la Feria del Libro de La Habana.<\/p>\n<\/p>\n<p>Al comentar el libro de Ubieta, Acosta dijo que analiza las guerras culturales que nos envuelven. Solo con abrir un peri\u00f3dico o la televisi\u00f3n saltan a la vista estos conflictos en los que las armas no son decisivas para vencer insurgentes, sino c\u00f3mo se presenta la guerra en los medios de comunicaci\u00f3n.<\/p>\n<\/p>\n<p>En Libia se pudo ver en acci\u00f3n una guerra cultural perfectamente escenificada por las nuevas tecnolog\u00edas. Son guerras que nunca acaban como los conflictos religiosos, netamente culturales, precis\u00f3.<\/p>\n<\/p>\n<p>A partir de la d\u00e9cada del 30 del siglo pasado se iniciaron estas guerras. Ahora una cuenta en Twitter o Facebook (redes sociales), apunt\u00f3 el profesor Acosta, puede en cuesti\u00f3n de minutos difundir una noticia a millones de seguidores de esas redes.<\/p>\n<\/p>\n<p>Como la experiencia del presidente Hugo Ch\u00e1vez de Venezuela que ya cuenta con casi tres millones de seguidores en las redes, se ha demostrado que las nuevas tecnolog\u00edas no son buenas o malas, tienen las caracter\u00edsticas de quienes se apropian de esos medios.<\/p>\n<\/p>\n<p>Aunque hay quienes usan las nuevas tecnolog\u00edas contra los procesos sociales m\u00e1s avanzados, es preciso no temerle al cambio y record\u00f3 que no hay revoluci\u00f3n sin pensamiento cr\u00edtico.<\/p>\n<\/p>\n<p>Acosta hizo la an\u00e9cdota que uno de los ide\u00f3logos estadounidenses del neoconservadurismo, Mark Falcon, dijo que Cuba es peligrosa, muy peligrosa, y no es por su Producto Interno Bruto, ni por ser potencia militar, sino porque es una potencia moral, de ideas, en torno a cuya bandera se agrupan todos los idealistas del planeta.<\/p>\n<\/p>\n<p>Al comentar la obra del historiador Acosta, Cartas aut\u00e9nticas que nunca se escribieron, el vicepresidente de la Fundaci\u00f3n Bosch, Mat\u00edas Bosch, indic\u00f3 que aunque el recurso epistolar no es nuevo, la forma elegida por el autor para referirse a la \u00e9poca en que Estados Unidos intervino en Cuba tiene un tratamiento que atrapa al lector.<\/p>\n<\/p>\n<p>En 1898-99, Estados Unidos toma como pretexto la voladura del Maine en la bah\u00eda de La Habana para intervenir en la guerra, y mediante las cartas de un joven de provincia espa\u00f1ol, llamado Joaqu\u00edn, este cuenta a su familia en la pen\u00ednsula todas sus incidencias y apreciaciones de la Isla.<\/p>\n<\/p>\n<p>El \u00faltimo gran libertador de Am\u00e9rica, M\u00e1ximo G\u00f3mez, apunt\u00f3 Bosch, rechaza la propuesta que le hacen de combatir a los norteamericanos, quienes m\u00e1s tarde ocupan Puerto Rico, cedido por Espa\u00f1a junto con Cuba a Estados Unidos.<\/p>\n<\/p>\n<p>En la presentaci\u00f3n estaban el embajador de Cuba Alexis Bandrich, la segunda secretaria de esa legaci\u00f3n, Tania Causse, y el c\u00f3nsul Alejandro Padr\u00f3n, el funcionario del Comit\u00e9 Central del Partido Comunista de Cuba Otto Marrero.<\/p>\n<\/p>\n<p>De igual manera estuvieron presentes como dirigentes del Frente Amplio, entre ellos Manuel Salazar, Virtudes Alvarez, y de la Campa\u00f1a Dominicana de Solidaridad con Cuba como Francisco Payano, Ivan Rodr\u00edguez, Alfonso Torres, entre otros.<\/p>\n<h6> 2012-05-03 12:37:01 <\/h6>\n<p><!--\n<link rel=\"stylesheet\" href=\"css\/bootstrap.min.css\">\n\n\n<ul class=\"pagination\">\n\t    \n\t\n\n<li >\n\t<a href='?page_no=17440'>Previous<\/a>\n\t<\/li>\n\n\n       \n    \n\n<li><a href='?page_no=1'>1<\/a><\/li>\n\n\n\n<li><a href='?page_no=2'>2<\/a><\/li>\n\n\n\n<li><a>...<\/a><\/li>\n\n\n\n<li><a href='?page_no=17439'>17439<\/a><\/li>\n\n\n\n<li><a href='?page_no=17440'>17440<\/a><\/li>\n\n\n\n<li class='active'><a>17441<\/a><\/li>\n\n\n\n<li><a href='?page_no=17442'>17442<\/a><\/li>\n\n\n\n<li><a href='?page_no=17443'>17443<\/a><\/li>\n\n\n\n<li><a>...<\/a><\/li>\n\n\n\n<li><a href='?page_no=22911'>22911<\/a><\/li>\n\n\n\n<li><a href='?page_no=22912'>22912<\/a><\/li>\n\n    \n\t\n\n<li >\n\t<a href='?page_no=17442'>Next<\/a>\n\t<\/li>\n\n\n    \n\n<li><a href='?page_no=22912'>Last &rsaquo;&rsaquo;<\/a><\/li>\n\n<\/ul>\n\n\n--><br \/>\n<\/body><\/p>\n","protected":false},"excerpt":{"rendered":"<p>Santo Domingo, 3 may (PL), 8:32 am.- Obras de los escritores cubanos Enrique Ubieta y Eliades Acosta, con el sello de la Casa Editora Abril, fueron presentadas en la sede del partido Frente Amplio en esta capital. Diana Li, de la Casa Editora Abril, destac\u00f3 que Cuba: \u00bfRevoluci\u00f3n o Reforma?, de Ubieta, y Cartas aut\u00e9nticas [&hellip;]<\/p>\n","protected":false},"author":3,"featured_media":0,"comment_status":"open","ping_status":"open","sticky":false,"template":"","format":"standard","meta":{"footnotes":""},"categories":[21],"tags":[],"class_list":["post-65763","post","type-post","status-publish","format-standard","hentry","category-cultura"],"_links":{"self":[{"href":"https:\/\/diariodominicano.com\/index.php?rest_route=\/wp\/v2\/posts\/65763","targetHints":{"allow":["GET"]}}],"collection":[{"href":"https:\/\/diariodominicano.com\/index.php?rest_route=\/wp\/v2\/posts"}],"about":[{"href":"https:\/\/diariodominicano.com\/index.php?rest_route=\/wp\/v2\/types\/post"}],"author":[{"embeddable":true,"href":"https:\/\/diariodominicano.com\/index.php?rest_route=\/wp\/v2\/users\/3"}],"replies":[{"embeddable":true,"href":"https:\/\/diariodominicano.com\/index.php?rest_route=%2Fwp%2Fv2%2Fcomments&post=65763"}],"version-history":[{"count":0,"href":"https:\/\/diariodominicano.com\/index.php?rest_route=\/wp\/v2\/posts\/65763\/revisions"}],"wp:attachment":[{"href":"https:\/\/diariodominicano.com\/index.php?rest_route=%2Fwp%2Fv2%2Fmedia&parent=65763"}],"wp:term":[{"taxonomy":"category","embeddable":true,"href":"https:\/\/diariodominicano.com\/index.php?rest_route=%2Fwp%2Fv2%2Fcategories&post=65763"},{"taxonomy":"post_tag","embeddable":true,"href":"https:\/\/diariodominicano.com\/index.php?rest_route=%2Fwp%2Fv2%2Ftags&post=65763"}],"curies":[{"name":"wp","href":"https:\/\/api.w.org\/{rel}","templated":true}]}}