{"id":65762,"date":"2012-05-03T13:13:13","date_gmt":"2012-05-03T13:13:13","guid":{"rendered":"http:\/\/diariodominicano.ddns.net\/?p=65762"},"modified":"2012-05-03T13:13:13","modified_gmt":"2012-05-03T13:13:13","slug":"reconocen-en-bolivia-a-medios-por-difusion-de-ley-contra-racismo","status":"publish","type":"post","link":"https:\/\/diariodominicano.com\/?p=65762","title":{"rendered":"Reconocen en Bolivia a medios por difusi\u00f3n de ley contra racismo"},"content":{"rendered":"<p><body><\/p>\n<p><img decoding=\"async\" src=\"img3\/antiracismo.jpg\" \/>  <\/p>\n<p>La Paz, 3 may (PL), 9:07 am.-  El Ministerio de Culturas de Bolivia reconoci\u00f3 a 84 medios de comunicaci\u00f3n por su colaboraci\u00f3n en la difusi\u00f3n y socializaci\u00f3n de la Ley Contra el Racismo y Toda Forma de Discriminaci\u00f3n en el pa\u00eds andino.<\/p>\n<\/p>\n<p>El ministro de Culturas, Pablo Groux, durante un acto celebrado en la sede de esa cartera en esta capital destac\u00f3 el surgimiento en Bolivia de la ley que sanciona el racismo y toda forma de discriminaci\u00f3n y resalt\u00f3 la responsabilidad de los medios de comunicaci\u00f3n en la sociedad moderna.<\/p>\n<\/p>\n<p>Durante la velada se reconoci\u00f3 a los medios de comunicaci\u00f3n que el a\u00f1o pasado enviaron a la Direcci\u00f3n General de Lucha contra el Racismo del viceministerio de Descolonizaci\u00f3n informes en los que describen el tiempo de difusi\u00f3n y tipos de productos de prensa que tratan la ley antirracismo.<\/p>\n<\/p>\n<p>Groux resalt\u00f3 el esfuerzo y creatividad de esos \u00f3rganos de prensa en educar cotidianamente a la sociedad boliviana a evitar el racismo y la discriminaci\u00f3n para construir una naci\u00f3n distinta y mejor.<\/p>\n<\/p>\n<p>Por su parte, la ministra de Comunicaci\u00f3n, Amanda D\u00e1vila, record\u00f3 que la referida norma surgi\u00f3 a iniciativa de la sociedad civil y el Estado boliviano, y remarc\u00f3 que los medios de comunicaci\u00f3n deben cumplir un servicio a la sociedad, construyendo un pa\u00eds m\u00e1s justo, con equidad, justicia e igualdad de derechos.<\/p>\n<\/p>\n<p>\u00abEl racismo es un problema estructural hist\u00f3rico en el que debemos luchar todos para erradicarlo\u00bb, apunt\u00f3 D\u00e1vila antes de se\u00f1alar que esta disposici\u00f3n es un peque\u00f1o paso para avanzar en la lucha contra la discriminaci\u00f3n y el racismo en Bolivia.<\/p>\n<h6> 2012-05-03 13:13:13 <\/h6>\n<p><!--\n<link rel=\"stylesheet\" href=\"css\/bootstrap.min.css\">\n\n\n<ul class=\"pagination\">\n\t    \n\t\n\n<li >\n\t<a href='?page_no=17439'>Previous<\/a>\n\t<\/li>\n\n\n       \n    \n\n<li><a href='?page_no=1'>1<\/a><\/li>\n\n\n\n<li><a href='?page_no=2'>2<\/a><\/li>\n\n\n\n<li><a>...<\/a><\/li>\n\n\n\n<li><a href='?page_no=17438'>17438<\/a><\/li>\n\n\n\n<li><a href='?page_no=17439'>17439<\/a><\/li>\n\n\n\n<li class='active'><a>17440<\/a><\/li>\n\n\n\n<li><a href='?page_no=17441'>17441<\/a><\/li>\n\n\n\n<li><a href='?page_no=17442'>17442<\/a><\/li>\n\n\n\n<li><a>...<\/a><\/li>\n\n\n\n<li><a href='?page_no=22911'>22911<\/a><\/li>\n\n\n\n<li><a href='?page_no=22912'>22912<\/a><\/li>\n\n    \n\t\n\n<li >\n\t<a href='?page_no=17441'>Next<\/a>\n\t<\/li>\n\n\n    \n\n<li><a href='?page_no=22912'>Last &rsaquo;&rsaquo;<\/a><\/li>\n\n<\/ul>\n\n\n--><br \/>\n<\/body><\/p>\n","protected":false},"excerpt":{"rendered":"<p>La Paz, 3 may (PL), 9:07 am.- El Ministerio de Culturas de Bolivia reconoci\u00f3 a 84 medios de comunicaci\u00f3n por su colaboraci\u00f3n en la difusi\u00f3n y socializaci\u00f3n de la Ley Contra el Racismo y Toda Forma de Discriminaci\u00f3n en el pa\u00eds andino. El ministro de Culturas, Pablo Groux, durante un acto celebrado en la sede [&hellip;]<\/p>\n","protected":false},"author":3,"featured_media":0,"comment_status":"open","ping_status":"open","sticky":false,"template":"","format":"standard","meta":{"footnotes":""},"categories":[21],"tags":[],"class_list":["post-65762","post","type-post","status-publish","format-standard","hentry","category-cultura"],"_links":{"self":[{"href":"https:\/\/diariodominicano.com\/index.php?rest_route=\/wp\/v2\/posts\/65762","targetHints":{"allow":["GET"]}}],"collection":[{"href":"https:\/\/diariodominicano.com\/index.php?rest_route=\/wp\/v2\/posts"}],"about":[{"href":"https:\/\/diariodominicano.com\/index.php?rest_route=\/wp\/v2\/types\/post"}],"author":[{"embeddable":true,"href":"https:\/\/diariodominicano.com\/index.php?rest_route=\/wp\/v2\/users\/3"}],"replies":[{"embeddable":true,"href":"https:\/\/diariodominicano.com\/index.php?rest_route=%2Fwp%2Fv2%2Fcomments&post=65762"}],"version-history":[{"count":0,"href":"https:\/\/diariodominicano.com\/index.php?rest_route=\/wp\/v2\/posts\/65762\/revisions"}],"wp:attachment":[{"href":"https:\/\/diariodominicano.com\/index.php?rest_route=%2Fwp%2Fv2%2Fmedia&parent=65762"}],"wp:term":[{"taxonomy":"category","embeddable":true,"href":"https:\/\/diariodominicano.com\/index.php?rest_route=%2Fwp%2Fv2%2Fcategories&post=65762"},{"taxonomy":"post_tag","embeddable":true,"href":"https:\/\/diariodominicano.com\/index.php?rest_route=%2Fwp%2Fv2%2Ftags&post=65762"}],"curies":[{"name":"wp","href":"https:\/\/api.w.org\/{rel}","templated":true}]}}