{"id":65760,"date":"2012-05-03T13:22:11","date_gmt":"2012-05-03T13:22:11","guid":{"rendered":"http:\/\/diariodominicano.ddns.net\/?p=65760"},"modified":"2012-05-03T13:22:11","modified_gmt":"2012-05-03T13:22:11","slug":"canto-coral-une-a-cubanos-y-estadounidenses","status":"publish","type":"post","link":"https:\/\/diariodominicano.com\/?p=65760","title":{"rendered":"Canto coral une a cubanos y estadounidenses"},"content":{"rendered":"<p><body><\/p>\n<p>LA HABANA, 3 may (Xinhua), 9:16 am.- Directores de coros de Cuba y Estados Unidos realizar\u00e1n un simposio del 28 al 30 de este mes en La Habana, como continuaci\u00f3n del intercambio que en ese \u00e1mbito iniciaron ambos pa\u00edses este a\u00f1o. <\/p>\n<\/p>\n<p>La representaci\u00f3n estadounidense estar\u00e1 integrada por 35 miembros de la Asociaci\u00f3n de Directores de Corales (ADC) de Estados Unidos, inform\u00f3 hoy la subdirectora del Centro Nacional cubano de M\u00fasica de Concierto, Madelaine Masses. <\/p>\n<h6> 2012-05-03 13:22:11 <\/h6>\n<p><!--\n<link rel=\"stylesheet\" href=\"css\/bootstrap.min.css\">\n\n\n<ul class=\"pagination\">\n\t    \n\t\n\n<li >\n\t<a href='?page_no=17437'>Previous<\/a>\n\t<\/li>\n\n\n       \n    \n\n<li><a href='?page_no=1'>1<\/a><\/li>\n\n\n\n<li><a href='?page_no=2'>2<\/a><\/li>\n\n\n\n<li><a>...<\/a><\/li>\n\n\n\n<li><a href='?page_no=17436'>17436<\/a><\/li>\n\n\n\n<li><a href='?page_no=17437'>17437<\/a><\/li>\n\n\n\n<li class='active'><a>17438<\/a><\/li>\n\n\n\n<li><a href='?page_no=17439'>17439<\/a><\/li>\n\n\n\n<li><a href='?page_no=17440'>17440<\/a><\/li>\n\n\n\n<li><a>...<\/a><\/li>\n\n\n\n<li><a href='?page_no=22911'>22911<\/a><\/li>\n\n\n\n<li><a href='?page_no=22912'>22912<\/a><\/li>\n\n    \n\t\n\n<li >\n\t<a href='?page_no=17439'>Next<\/a>\n\t<\/li>\n\n\n    \n\n<li><a href='?page_no=22912'>Last &rsaquo;&rsaquo;<\/a><\/li>\n\n<\/ul>\n\n\n--><br \/>\n<\/body><\/p>\n","protected":false},"excerpt":{"rendered":"<p>LA HABANA, 3 may (Xinhua), 9:16 am.- Directores de coros de Cuba y Estados Unidos realizar\u00e1n un simposio del 28 al 30 de este mes en La Habana, como continuaci\u00f3n del intercambio que en ese \u00e1mbito iniciaron ambos pa\u00edses este a\u00f1o. La representaci\u00f3n estadounidense estar\u00e1 integrada por 35 miembros de la Asociaci\u00f3n de Directores de [&hellip;]<\/p>\n","protected":false},"author":3,"featured_media":0,"comment_status":"open","ping_status":"open","sticky":false,"template":"","format":"standard","meta":{"footnotes":""},"categories":[21],"tags":[],"class_list":["post-65760","post","type-post","status-publish","format-standard","hentry","category-cultura"],"_links":{"self":[{"href":"https:\/\/diariodominicano.com\/index.php?rest_route=\/wp\/v2\/posts\/65760","targetHints":{"allow":["GET"]}}],"collection":[{"href":"https:\/\/diariodominicano.com\/index.php?rest_route=\/wp\/v2\/posts"}],"about":[{"href":"https:\/\/diariodominicano.com\/index.php?rest_route=\/wp\/v2\/types\/post"}],"author":[{"embeddable":true,"href":"https:\/\/diariodominicano.com\/index.php?rest_route=\/wp\/v2\/users\/3"}],"replies":[{"embeddable":true,"href":"https:\/\/diariodominicano.com\/index.php?rest_route=%2Fwp%2Fv2%2Fcomments&post=65760"}],"version-history":[{"count":0,"href":"https:\/\/diariodominicano.com\/index.php?rest_route=\/wp\/v2\/posts\/65760\/revisions"}],"wp:attachment":[{"href":"https:\/\/diariodominicano.com\/index.php?rest_route=%2Fwp%2Fv2%2Fmedia&parent=65760"}],"wp:term":[{"taxonomy":"category","embeddable":true,"href":"https:\/\/diariodominicano.com\/index.php?rest_route=%2Fwp%2Fv2%2Fcategories&post=65760"},{"taxonomy":"post_tag","embeddable":true,"href":"https:\/\/diariodominicano.com\/index.php?rest_route=%2Fwp%2Fv2%2Ftags&post=65760"}],"curies":[{"name":"wp","href":"https:\/\/api.w.org\/{rel}","templated":true}]}}