{"id":657593,"date":"2025-12-30T01:27:45","date_gmt":"2025-12-30T05:27:45","guid":{"rendered":"https:\/\/diariodominicano.com\/?p=657593"},"modified":"2025-12-30T17:19:19","modified_gmt":"2025-12-30T21:19:19","slug":"sheinbaum-anuncia-apoyo-economico-a-victimas-de-accidente-en-mexico","status":"publish","type":"post","link":"https:\/\/diariodominicano.com\/?p=657593","title":{"rendered":"Sheinbaum anuncia apoyo econ\u00f3mico a v\u00edctimas de accidente en M\u00e9xico"},"content":{"rendered":"\n<p>Ciudad de M\u00e9xico, 29 dic (Prensa Latina) La presidenta de M\u00e9xico, Claudia Sheinbaum, anunci\u00f3 hoy un apoyo inicial de 30 mil pesos (mil 670 d\u00f3lares) para los lesionados y familiares de las v\u00edctimas por el descarrilamiento de un tren que caus\u00f3 13 fallecidos.<\/p>\n\n\n\n<p><a href=\"https:\/\/www.prensa-latina.cu\/2025\/12\/29\/\"><time>diciembre 29, 2025 | 20:16<\/time><\/a> <\/p>\n\n\n\n<p>De acuerdo con el diario La Jornada, la mandataria realiz\u00f3 un recorrido este lunes por diversos hospitales a cargo de la atenci\u00f3n de las decenas de lesionados, tras el accidente ocurrido ayer sobre la l\u00ednea Z del Ferrocarril del Istmo de Tehuantepec en el sure\u00f1o estado de Oaxaca.<\/p>\n\n\n\n<p>Al arribar al Hospital General de Zona n\u00famero 2 del Instituto Mexicano del Seguro Social, Sheinbaum dijo a periodistas que una vez que la Fiscal\u00eda General de la Rep\u00fablica determine las causas del accidente, se otorgar\u00e1 un segundo respaldo econ\u00f3mico.<\/p>\n\n\n\n<p>La jefa del Ejecutivo lament\u00f3 el deceso de 13 personas e indic\u00f3 con respecto a los heridos que, en ciertos casos, trasladaron a la ciudad de Oaxaca y que, de ser requerido, podr\u00edan enviar a la Ciudad de M\u00e9xico para recibir atenci\u00f3n especializada.<\/p>\n\n\n\n<p>M\u00e1s temprano, durante su habitual conferencia de prensa, la gobernante subray\u00f3 las prioridades de su Gobierno ante el siniestro: la atenci\u00f3n a las v\u00edctimas y sus familias, el esclarecimiento de los hechos y garantizar la seguridad del tren interoce\u00e1nico.<\/p>\n\n\n\n<p>Ayer, entre las poblaciones de Nizanda y Chivela, en la ruta Salina Cruz a Coatzacoalcos, se descarril\u00f3 una de las locomotoras del tren interoce\u00e1nico, lo cual provoc\u00f3 que los cuatro vagones se salieran de las v\u00edas.<\/p>\n\n\n\n<p>Seg\u00fan detall\u00f3 Raymundo Morales, titular de la Secretar\u00eda de Marina (a cargo de la operaci\u00f3n de la v\u00eda f\u00e9rrea), el primer vag\u00f3n se desliz\u00f3 sobre el talud a 6,5 metros de profundidad, el segundo qued\u00f3 parcialmente suspendido y los otros dos no sufrieron da\u00f1os graves.<\/p>\n\n\n\n<p>\u201cDe las 250 personas a bordo, resultaron nueve atendidas en sitio, 109 en hospital, de las cuales 44 contin\u00faan hospitalizadas, y lamentablemente el fallecimiento de 13\u201d, precis\u00f3.<\/p>\n\n\n\n<p>Morales hizo \u00e9nfasis en que desde el primer momento se prest\u00f3 apoyo a los pasajeros y lesionados y mencion\u00f3 el despliegue de 360 elementos navales, 20 veh\u00edculos, cuatro ambulancias terrestres, tres a\u00e9reas y un dron, adem\u00e1s del respaldo de bomberos de Mat\u00edas Romero y la Cruz Roja de Oaxaca.<\/p>\n\n\n\n<p>El tren, parte del Corredor Interoce\u00e1nico del Istmo de Tehuantepec, un proyecto del sur de M\u00e9xico que conecta los oc\u00e9anos Pac\u00edfico y Atl\u00e1ntico, transport\u00f3 desde 2023 a 114 mil 828 personas y 952 mil 96 toneladas de carga, de acuerdo con datos oficiales.<\/p>\n\n\n\n<p>arc\/las<\/p>\n\n\n\n<ul class=\"wp-block-list\">\n<li>#<a href=\"https:\/\/www.prensa-latina.cu\/etiqueta\/accidente\/\">accidente<\/a>&nbsp;#<a href=\"https:\/\/www.prensa-latina.cu\/etiqueta\/mexico\/\">M\u00e9xico<\/a>&nbsp;#<a href=\"https:\/\/www.prensa-latina.cu\/etiqueta\/oaxaca\/\">Oaxaca<\/a>&nbsp;#<a href=\"https:\/\/www.prensa-latina.cu\/etiqueta\/sheinbaum\/\">sheinbaum<\/a>&nbsp;#<a href=\"https:\/\/www.prensa-latina.cu\/etiqueta\/tren\/\">tren<\/a><\/li>\n<\/ul>\n","protected":false},"excerpt":{"rendered":"<p>Ciudad de M\u00e9xico, 29 dic (Prensa Latina) La presidenta de M\u00e9xico, Claudia Sheinbaum, anunci\u00f3 hoy un apoyo inicial de 30 mil pesos (mil 670 d\u00f3lares) para los lesionados y familiares de las v\u00edctimas por el descarrilamiento de un tren que caus\u00f3 13 fallecidos. diciembre 29, 2025 | 20:16 De acuerdo con el diario La Jornada, [&hellip;]<\/p>\n","protected":false},"author":2,"featured_media":657594,"comment_status":"closed","ping_status":"closed","sticky":false,"template":"","format":"standard","meta":{"footnotes":""},"categories":[23],"tags":[246],"class_list":["post-657593","post","type-post","status-publish","format-standard","has-post-thumbnail","hentry","category-internacional","tag-mexico"],"_links":{"self":[{"href":"https:\/\/diariodominicano.com\/index.php?rest_route=\/wp\/v2\/posts\/657593","targetHints":{"allow":["GET"]}}],"collection":[{"href":"https:\/\/diariodominicano.com\/index.php?rest_route=\/wp\/v2\/posts"}],"about":[{"href":"https:\/\/diariodominicano.com\/index.php?rest_route=\/wp\/v2\/types\/post"}],"author":[{"embeddable":true,"href":"https:\/\/diariodominicano.com\/index.php?rest_route=\/wp\/v2\/users\/2"}],"replies":[{"embeddable":true,"href":"https:\/\/diariodominicano.com\/index.php?rest_route=%2Fwp%2Fv2%2Fcomments&post=657593"}],"version-history":[{"count":2,"href":"https:\/\/diariodominicano.com\/index.php?rest_route=\/wp\/v2\/posts\/657593\/revisions"}],"predecessor-version":[{"id":657724,"href":"https:\/\/diariodominicano.com\/index.php?rest_route=\/wp\/v2\/posts\/657593\/revisions\/657724"}],"wp:featuredmedia":[{"embeddable":true,"href":"https:\/\/diariodominicano.com\/index.php?rest_route=\/wp\/v2\/media\/657594"}],"wp:attachment":[{"href":"https:\/\/diariodominicano.com\/index.php?rest_route=%2Fwp%2Fv2%2Fmedia&parent=657593"}],"wp:term":[{"taxonomy":"category","embeddable":true,"href":"https:\/\/diariodominicano.com\/index.php?rest_route=%2Fwp%2Fv2%2Fcategories&post=657593"},{"taxonomy":"post_tag","embeddable":true,"href":"https:\/\/diariodominicano.com\/index.php?rest_route=%2Fwp%2Fv2%2Ftags&post=657593"}],"curies":[{"name":"wp","href":"https:\/\/api.w.org\/{rel}","templated":true}]}}