{"id":65759,"date":"2012-05-03T14:12:40","date_gmt":"2012-05-03T14:12:40","guid":{"rendered":"http:\/\/diariodominicano.ddns.net\/?p=65759"},"modified":"2012-05-03T14:12:40","modified_gmt":"2012-05-03T14:12:40","slug":"poeta-aitana-alberti-destaca-amor-en-cuba-por-la-poesia","status":"publish","type":"post","link":"https:\/\/diariodominicano.com\/?p=65759","title":{"rendered":"Poeta Aitana Alberti destaca amor en Cuba por la poes\u00eda"},"content":{"rendered":"<p><body><\/p>\n<p><img decoding=\"async\" src=\"img3\/argentina aitanaalberti.jpg\" \/>  <\/p>\n<p>La Habana, 3 may (PL),  La escritora Aitana Alberti, miembro de la presidencia de honor del 16 Festival Internacional de Poes\u00eda de La Habana, del 20 al 21 de mayo, resalt\u00f3 el amor en Cuba por ese g\u00e9nero literario.<\/p>\n<\/p>\n<p>  Es un pa\u00eds lleno de inspiraci\u00f3n, por lo que acepta la palabra po\u00e9tica con bastante bondad y cari\u00f1o, asever\u00f3 la \u00fanica hija del poeta espa\u00f1ol Rafael Alberti (1902-1999), nacida en Argentina, en declaraciones a Prensa Latina.<\/p>\n<\/p>\n<p>Alberti lament\u00f3 la realidad de algunas naciones, como por ejemplo Espa\u00f1a, donde se aprecia una lejan\u00eda tan grande de su p\u00fablico, salvo contadas excepciones, con respecto al fen\u00f3meno po\u00e9tico.<\/p>\n<\/p>\n<p>Por el contrario, en Cuba, cuando llegas a una comunidad o una casa de la cultura, te percatas de que la gente cubana a pie protegen los \u00abpapelitos\u00bb, donde atesoran sus creaciones, reflexion\u00f3.<\/p>\n<\/p>\n<p>\u00abA lo mejor esos poemas no tienen gran valor literario, seg\u00fan mis gustos, pero lo que importa es el hecho de que esas personas han escuchado el llamado de algo misterioso que es la poes\u00eda\u00bb.<\/p>\n<\/p>\n<p>Sin embargo, consider\u00f3 la autora de Pupila al viento, que ese escrito modesto y humilde, a veces puede transformarse en una gran poes\u00eda.<\/p>\n<\/p>\n<p>En sus declaraciones, record\u00f3 al H\u00e9roe Nacional de Cuba, Jos\u00e9 Mart\u00ed (1853-1895), quien insisti\u00f3 en la importancia de la lectura. \u00abSi tu quieres ser poeta, tienes que leer mucho\u00bb, sugiri\u00f3.<\/p>\n<\/p>\n<p>Expres\u00f3 que ese es el mensaje que prev\u00e9 transmitir durante la pr\u00f3xima cita, que reunir\u00e1 en esta capital a m\u00e1s de 200 cultivadores del g\u00e9nero de 40 pa\u00edses.<\/p>\n<\/p>\n<p>\u00abQueremos llegar a la gente de pueblo que de pronto se le abre una ventanita, y a trav\u00e9s de ella aparece algo que tal ves no se puede explicar, y esa es la poes\u00eda que siempre ser\u00e1 un misterio\u00bb, vaticin\u00f3 la autora de Y de nuevo nacer.<\/p>\n<\/p>\n<p>El festival de poes\u00eda de La Habana, incluye, adem\u00e1s, el Encuentro Mundial de Poetas por la Paz, el V Congreso del Proyecto Cultural Sur y el seminario Las Po\u00e9ticas del Caribe.<\/p>\n<\/p>\n<p>Junto a los bardos, participar\u00e1n aqu\u00ed durante esos d\u00edas pintores, m\u00fasicos, cineastas, folcloristas, artistas populares y promotores culturales, quienes debatir\u00e1n sobre lo realizado y trazar\u00e1n las pautas de los pr\u00f3ximos a\u00f1os.<\/p>\n<h6> 2012-05-03 14:12:40 <\/h6>\n<p><!--\n<link rel=\"stylesheet\" href=\"css\/bootstrap.min.css\">\n\n\n<ul class=\"pagination\">\n\t    \n\t\n\n<li >\n\t<a href='?page_no=17436'>Previous<\/a>\n\t<\/li>\n\n\n       \n    \n\n<li><a href='?page_no=1'>1<\/a><\/li>\n\n\n\n<li><a href='?page_no=2'>2<\/a><\/li>\n\n\n\n<li><a>...<\/a><\/li>\n\n\n\n<li><a href='?page_no=17435'>17435<\/a><\/li>\n\n\n\n<li><a href='?page_no=17436'>17436<\/a><\/li>\n\n\n\n<li class='active'><a>17437<\/a><\/li>\n\n\n\n<li><a href='?page_no=17438'>17438<\/a><\/li>\n\n\n\n<li><a href='?page_no=17439'>17439<\/a><\/li>\n\n\n\n<li><a>...<\/a><\/li>\n\n\n\n<li><a href='?page_no=22911'>22911<\/a><\/li>\n\n\n\n<li><a href='?page_no=22912'>22912<\/a><\/li>\n\n    \n\t\n\n<li >\n\t<a href='?page_no=17438'>Next<\/a>\n\t<\/li>\n\n\n    \n\n<li><a href='?page_no=22912'>Last &rsaquo;&rsaquo;<\/a><\/li>\n\n<\/ul>\n\n\n--><br \/>\n<\/body><\/p>\n","protected":false},"excerpt":{"rendered":"<p>La Habana, 3 may (PL), La escritora Aitana Alberti, miembro de la presidencia de honor del 16 Festival Internacional de Poes\u00eda de La Habana, del 20 al 21 de mayo, resalt\u00f3 el amor en Cuba por ese g\u00e9nero literario. Es un pa\u00eds lleno de inspiraci\u00f3n, por lo que acepta la palabra po\u00e9tica con bastante bondad [&hellip;]<\/p>\n","protected":false},"author":3,"featured_media":0,"comment_status":"open","ping_status":"open","sticky":false,"template":"","format":"standard","meta":{"footnotes":""},"categories":[21],"tags":[],"class_list":["post-65759","post","type-post","status-publish","format-standard","hentry","category-cultura"],"_links":{"self":[{"href":"https:\/\/diariodominicano.com\/index.php?rest_route=\/wp\/v2\/posts\/65759","targetHints":{"allow":["GET"]}}],"collection":[{"href":"https:\/\/diariodominicano.com\/index.php?rest_route=\/wp\/v2\/posts"}],"about":[{"href":"https:\/\/diariodominicano.com\/index.php?rest_route=\/wp\/v2\/types\/post"}],"author":[{"embeddable":true,"href":"https:\/\/diariodominicano.com\/index.php?rest_route=\/wp\/v2\/users\/3"}],"replies":[{"embeddable":true,"href":"https:\/\/diariodominicano.com\/index.php?rest_route=%2Fwp%2Fv2%2Fcomments&post=65759"}],"version-history":[{"count":0,"href":"https:\/\/diariodominicano.com\/index.php?rest_route=\/wp\/v2\/posts\/65759\/revisions"}],"wp:attachment":[{"href":"https:\/\/diariodominicano.com\/index.php?rest_route=%2Fwp%2Fv2%2Fmedia&parent=65759"}],"wp:term":[{"taxonomy":"category","embeddable":true,"href":"https:\/\/diariodominicano.com\/index.php?rest_route=%2Fwp%2Fv2%2Fcategories&post=65759"},{"taxonomy":"post_tag","embeddable":true,"href":"https:\/\/diariodominicano.com\/index.php?rest_route=%2Fwp%2Fv2%2Ftags&post=65759"}],"curies":[{"name":"wp","href":"https:\/\/api.w.org\/{rel}","templated":true}]}}