{"id":65758,"date":"2012-05-03T14:37:08","date_gmt":"2012-05-03T14:37:08","guid":{"rendered":"http:\/\/diariodominicano.ddns.net\/?p=65758"},"modified":"2012-05-03T14:37:08","modified_gmt":"2012-05-03T14:37:08","slug":"leonel-fernandez-presenta-recopilacion-de-escritos-politicos","status":"publish","type":"post","link":"https:\/\/diariodominicano.com\/?p=65758","title":{"rendered":"Leonel Fern\u00e1ndez presenta recopilaci\u00f3n de escritos pol\u00edticos"},"content":{"rendered":"<p><body><\/p>\n<p><span class=\"text1noticias\">Santo Domingo RD 3 mayo (10:33 am).- Funglode present\u00f3 anoche el m\u00e1s reciente libro del presidente Leonel Fern\u00e1ndez, titulado \u00abA\u00f1os de formaci\u00f3n: escritos pol\u00edticos de vanguardia\u00bb, que re\u00fane 79 art\u00edculos.<\/span><\/p>\n<\/p>\n<p><span class=\"text1noticias\">La presentaci\u00f3n de la obra estuvo a cargo de Tem\u00edstocles Mont\u00e1s, ministro de Econom\u00eda, y de Rafael Alburquerque, vicepresidente de la Rep\u00fablica, quienes destacaron su contenido y resaltaron sus aportes.<\/span><\/p>\n<\/p>\n<p><span class=\"text1noticias\">Mont\u00e1s dijo que esta obra era una selecci\u00f3n de 79 art\u00edculos, escritos en el peri\u00f3dico Vanguardia del Pueblo y La Noticia, en los que Fern\u00e1ndez repasa el papel que jugaron los Estados Unidos en la \u00faltima etapa de la guerra fr\u00eda e incursiona en temas como las dictaduras a nivel mundial.<\/span><\/p>\n<\/p>\n<p><span class=\"text1noticias\">La obra de 300 p\u00e1ginas, editada por la Fundaci\u00f3n Global Democracia y Desarrollo, \u00abmuestra las primeras reflexiones sobre temas pol\u00edticos del presidente con el esp\u00edritu radical de un joven que solo aspiraba a ser contempor\u00e1neo de su \u00e9poca\u00bb.<\/span><\/p>\n<\/p>\n<p><span class=\"text1noticias\">\u00abDedico este libro a mi hijo Omar, porque a la edad de veinte a\u00f1os ya yo estaba en esto\u00bb, expresa el jefe de Estado en la recopilaci\u00f3n.<\/span><\/p>\n<\/p>\n<p><span class=\"text1noticias\">Fern\u00e1ndez dijo que cuando deje la Presidencia le gustar\u00eda organizar un seminario-taller para j\u00f3venes que est\u00e1n incursionando en el \u00e1mbito de la pol\u00edtica. El libro fue presentado anoche el club Mauricio B\u00e1ez.AD<\/span>.- <\/p>\n<\/p>\n<h6> 2012-05-03 14:37:08 <\/h6>\n<p><!--\n<link rel=\"stylesheet\" href=\"css\/bootstrap.min.css\">\n\n\n<ul class=\"pagination\">\n\t    \n\t\n\n<li >\n\t<a href='?page_no=17435'>Previous<\/a>\n\t<\/li>\n\n\n       \n    \n\n<li><a href='?page_no=1'>1<\/a><\/li>\n\n\n\n<li><a href='?page_no=2'>2<\/a><\/li>\n\n\n\n<li><a>...<\/a><\/li>\n\n\n\n<li><a href='?page_no=17434'>17434<\/a><\/li>\n\n\n\n<li><a href='?page_no=17435'>17435<\/a><\/li>\n\n\n\n<li class='active'><a>17436<\/a><\/li>\n\n\n\n<li><a href='?page_no=17437'>17437<\/a><\/li>\n\n\n\n<li><a href='?page_no=17438'>17438<\/a><\/li>\n\n\n\n<li><a>...<\/a><\/li>\n\n\n\n<li><a href='?page_no=22911'>22911<\/a><\/li>\n\n\n\n<li><a href='?page_no=22912'>22912<\/a><\/li>\n\n    \n\t\n\n<li >\n\t<a href='?page_no=17437'>Next<\/a>\n\t<\/li>\n\n\n    \n\n<li><a href='?page_no=22912'>Last &rsaquo;&rsaquo;<\/a><\/li>\n\n<\/ul>\n\n\n--><br \/>\n<\/body><\/p>\n","protected":false},"excerpt":{"rendered":"<p>Santo Domingo RD 3 mayo (10:33 am).- Funglode present\u00f3 anoche el m\u00e1s reciente libro del presidente Leonel Fern\u00e1ndez, titulado \u00abA\u00f1os de formaci\u00f3n: escritos pol\u00edticos de vanguardia\u00bb, que re\u00fane 79 art\u00edculos. La presentaci\u00f3n de la obra estuvo a cargo de Tem\u00edstocles Mont\u00e1s, ministro de Econom\u00eda, y de Rafael Alburquerque, vicepresidente de la Rep\u00fablica, quienes destacaron su [&hellip;]<\/p>\n","protected":false},"author":3,"featured_media":0,"comment_status":"open","ping_status":"open","sticky":false,"template":"","format":"standard","meta":{"footnotes":""},"categories":[21],"tags":[],"class_list":["post-65758","post","type-post","status-publish","format-standard","hentry","category-cultura"],"_links":{"self":[{"href":"https:\/\/diariodominicano.com\/index.php?rest_route=\/wp\/v2\/posts\/65758","targetHints":{"allow":["GET"]}}],"collection":[{"href":"https:\/\/diariodominicano.com\/index.php?rest_route=\/wp\/v2\/posts"}],"about":[{"href":"https:\/\/diariodominicano.com\/index.php?rest_route=\/wp\/v2\/types\/post"}],"author":[{"embeddable":true,"href":"https:\/\/diariodominicano.com\/index.php?rest_route=\/wp\/v2\/users\/3"}],"replies":[{"embeddable":true,"href":"https:\/\/diariodominicano.com\/index.php?rest_route=%2Fwp%2Fv2%2Fcomments&post=65758"}],"version-history":[{"count":0,"href":"https:\/\/diariodominicano.com\/index.php?rest_route=\/wp\/v2\/posts\/65758\/revisions"}],"wp:attachment":[{"href":"https:\/\/diariodominicano.com\/index.php?rest_route=%2Fwp%2Fv2%2Fmedia&parent=65758"}],"wp:term":[{"taxonomy":"category","embeddable":true,"href":"https:\/\/diariodominicano.com\/index.php?rest_route=%2Fwp%2Fv2%2Fcategories&post=65758"},{"taxonomy":"post_tag","embeddable":true,"href":"https:\/\/diariodominicano.com\/index.php?rest_route=%2Fwp%2Fv2%2Ftags&post=65758"}],"curies":[{"name":"wp","href":"https:\/\/api.w.org\/{rel}","templated":true}]}}