{"id":65756,"date":"2012-05-03T15:00:26","date_gmt":"2012-05-03T15:00:26","guid":{"rendered":"http:\/\/diariodominicano.ddns.net\/?p=65756"},"modified":"2012-05-03T15:00:26","modified_gmt":"2012-05-03T15:00:26","slug":"afirman-pld-es-institucion-politica-que-mas-apoyo-ha-dado","status":"publish","type":"post","link":"https:\/\/diariodominicano.com\/?p=65756","title":{"rendered":"Afirman PLD Es instituci\u00f3n pol\u00edtica que m\u00e1s apoyo ha dado"},"content":{"rendered":"<p><body><\/p>\n<p><span class=\"text1noticias\">Santo Domingo, RD 3 mayo (11:00 am).- El Partido de la Liberaci\u00f3n Dominicana (PRD) es la instituci\u00f3n pol\u00edtica que m\u00e1s apoyo ha dado al sector cultural dominicano, pues el solo hecho de crear la Secretar\u00eda (hoy Ministerio) de Cultura le confiri\u00f3 un espacio reconocible y digno dentro del Estado, adem\u00e1s de sentar las bases para el desarrollo institucional de ese sector.<\/span><\/p>\n<\/p>\n<p><span class=\"text1noticias\">La afirmaci\u00f3n es de Pedro Verg\u00e9s, presidente de la Alianza Cultural con Danilo, quien agreg\u00f3 que la instituci\u00f3n establece los mecanismos para formar una aut\u00e9ntica ciudadan\u00eda cultural que garantiza la inclusi\u00f3n, la eficiencia, la equidad y el crecimiento econ\u00f3mico desde la gesti\u00f3n p\u00fablica de la cultura.<\/span><\/p>\n<\/p>\n<p><span class=\"text1noticias\">Verg\u00e9s adelant\u00f3 que el pr\u00f3ximo presidente de la rep\u00fablica, Danilo Medina, realizar\u00e1 una reingenier\u00eda del sector cultural estatal, redistribuyendo su presupuesto y descentralizando la gesti\u00f3n p\u00fablica y convirtiendo la cultura en una de las claves transformadoras del sector educativo y del sector tur\u00edstico y creando nuevos espacios de trabajo para los creadores.<\/span><\/p>\n<\/p>\n<p><span class=\"text1noticias\">\u00abDanilo Medina ha manifestado p\u00fablicamente su aspiraci\u00f3n de transformar el sector cultural dominicano, porque entiende que la cultura es una dimensi\u00f3n creadora de valores tangibles e intangibles, capaz de reforzar la identidad y la autoestima de los dominicanos, producir riqueza econ\u00f3mica y convertirse en un poderoso instrumento de cambio social que dignifique y aumente significativamente la calidad de vida de los ciudadanos\u00bb, destac\u00f3 Pedro Verg\u00e9s.<\/span><\/p>\n<\/p>\n<p><span class=\"text1noticias\">El diplom\u00e1tico y escritor indic\u00f3 que Danilo Medina profundizar\u00e1 la aplicaci\u00f3n de la Ley No. 4100 para que el pueblo dominicano ejerza los derechos culturales de la forma m\u00e1s amplia posible y que fortalecer\u00e1 las expresiones de la cultura comunitaria, impulsar\u00e1 el Sistema Nacional de Casas de Cultura y diseminar\u00e1 los programas de formaci\u00f3n de recursos humanos del sector cultural, entre otros.<\/span><\/p>\n<p><span class=\"text1noticias\"> <\/span><\/p>\n<p><span class=\"text1noticias\">El presidente de la Alianza Cultural con Danilo, Pedro Verges, ofreci\u00f3 sus declaraciones al encabezar este mi\u00e9rcoles la \u00abCaminata por la Cultura\u00bb junto a cientos de artistas, pintores, escultores, escritores, gestores culturales y m\u00fasicos, entre otros, que se inici\u00f3 a las 4:00 de la tarde en el Parque Col\u00f3n y recorri\u00f3 la calle El Conde hasta el parque Independencia donde la actriz de teatro Luvil Gonz\u00e1lez ley\u00f3 un documento contentivo al evento cultural.AD.<\/span>&#8211; <\/p>\n<\/p>\n<h6> 2012-05-03 15:00:26 <\/h6>\n<p><!--\n<link rel=\"stylesheet\" href=\"css\/bootstrap.min.css\">\n\n\n<ul class=\"pagination\">\n\t    \n\t\n\n<li >\n\t<a href='?page_no=17433'>Previous<\/a>\n\t<\/li>\n\n\n       \n    \n\n<li><a href='?page_no=1'>1<\/a><\/li>\n\n\n\n<li><a href='?page_no=2'>2<\/a><\/li>\n\n\n\n<li><a>...<\/a><\/li>\n\n\n\n<li><a href='?page_no=17432'>17432<\/a><\/li>\n\n\n\n<li><a href='?page_no=17433'>17433<\/a><\/li>\n\n\n\n<li class='active'><a>17434<\/a><\/li>\n\n\n\n<li><a href='?page_no=17435'>17435<\/a><\/li>\n\n\n\n<li><a href='?page_no=17436'>17436<\/a><\/li>\n\n\n\n<li><a>...<\/a><\/li>\n\n\n\n<li><a href='?page_no=22911'>22911<\/a><\/li>\n\n\n\n<li><a href='?page_no=22912'>22912<\/a><\/li>\n\n    \n\t\n\n<li >\n\t<a href='?page_no=17435'>Next<\/a>\n\t<\/li>\n\n\n    \n\n<li><a href='?page_no=22912'>Last &rsaquo;&rsaquo;<\/a><\/li>\n\n<\/ul>\n\n\n--><br \/>\n<\/body><\/p>\n","protected":false},"excerpt":{"rendered":"<p>Santo Domingo, RD 3 mayo (11:00 am).- El Partido de la Liberaci\u00f3n Dominicana (PRD) es la instituci\u00f3n pol\u00edtica que m\u00e1s apoyo ha dado al sector cultural dominicano, pues el solo hecho de crear la Secretar\u00eda (hoy Ministerio) de Cultura le confiri\u00f3 un espacio reconocible y digno dentro del Estado, adem\u00e1s de sentar las bases para [&hellip;]<\/p>\n","protected":false},"author":3,"featured_media":0,"comment_status":"open","ping_status":"open","sticky":false,"template":"","format":"standard","meta":{"footnotes":""},"categories":[21],"tags":[],"class_list":["post-65756","post","type-post","status-publish","format-standard","hentry","category-cultura"],"_links":{"self":[{"href":"https:\/\/diariodominicano.com\/index.php?rest_route=\/wp\/v2\/posts\/65756","targetHints":{"allow":["GET"]}}],"collection":[{"href":"https:\/\/diariodominicano.com\/index.php?rest_route=\/wp\/v2\/posts"}],"about":[{"href":"https:\/\/diariodominicano.com\/index.php?rest_route=\/wp\/v2\/types\/post"}],"author":[{"embeddable":true,"href":"https:\/\/diariodominicano.com\/index.php?rest_route=\/wp\/v2\/users\/3"}],"replies":[{"embeddable":true,"href":"https:\/\/diariodominicano.com\/index.php?rest_route=%2Fwp%2Fv2%2Fcomments&post=65756"}],"version-history":[{"count":0,"href":"https:\/\/diariodominicano.com\/index.php?rest_route=\/wp\/v2\/posts\/65756\/revisions"}],"wp:attachment":[{"href":"https:\/\/diariodominicano.com\/index.php?rest_route=%2Fwp%2Fv2%2Fmedia&parent=65756"}],"wp:term":[{"taxonomy":"category","embeddable":true,"href":"https:\/\/diariodominicano.com\/index.php?rest_route=%2Fwp%2Fv2%2Fcategories&post=65756"},{"taxonomy":"post_tag","embeddable":true,"href":"https:\/\/diariodominicano.com\/index.php?rest_route=%2Fwp%2Fv2%2Ftags&post=65756"}],"curies":[{"name":"wp","href":"https:\/\/api.w.org\/{rel}","templated":true}]}}