{"id":65755,"date":"2012-05-03T16:02:33","date_gmt":"2012-05-03T16:02:33","guid":{"rendered":"http:\/\/diariodominicano.ddns.net\/?p=65755"},"modified":"2012-05-03T16:02:33","modified_gmt":"2012-05-03T16:02:33","slug":"poeta-nicaraguense-ernesto-cardenal-gana-premio-reina-sofia","status":"publish","type":"post","link":"https:\/\/diariodominicano.com\/?p=65755","title":{"rendered":"Poeta nicarag\u00fcense Ernesto Cardenal gana Premio Reina Sof\u00eda"},"content":{"rendered":"<p><body><\/p>\n<p><img decoding=\"async\" src=\"img3\/cult ernesto cardenal.jpg\" \/>  <\/p>\n<\/p>\n<p>Madrid, 3 may (PL) El poeta nicarag\u00fcense Ernesto Cardenal gan\u00f3 hoy el XXI Premio Reina Sof\u00eda de Poes\u00eda Iberoamericana, uno de los m\u00e1s importantes y prestigiosos de este g\u00e9nero que conceden Patrimonio Nacional y la Universidad de Salamanca.<\/p>\n<\/p>\n<p>  Cardenal (Granada, Nicaragua, 1925) recibi\u00f3 el galard\u00f3n tras imponerse en unas deliberaciones muy re\u00f1idas del jurado, en las que quedaron como finalistas los espa\u00f1oles Antonio Colinas y Mar\u00eda Victoria Atencia.<\/p>\n<\/p>\n<p>El jurado que lo distingui\u00f3 estuvo integrado, entre otros, por Jos\u00e9 Manuel Blecua, director de la Real Academia Espa\u00f1ola, y los escritores Antonio Lobo Antunes, Soledad Pu\u00e9rtolas, Luis Antonio de Villena, Jaime Siles y Luis Alberto de Cuenca.<\/p>\n<\/p>\n<p>Se convierte as\u00ed en el vig\u00e9simo primer escritor en inscribir su nombre en el palmar\u00e9s de este premio, que reconoce el conjunto de una obra de un autor vivo que por su valor literario constituye una aportaci\u00f3n relevante al patrimonio cultural de Iberoam\u00e9rica y Espa\u00f1a.<\/p>\n<\/p>\n<p>El premio concedido al nicarag\u00fcense rompe la regla no escrita de alternancia entre autores iberoamericanos y espa\u00f1oles, pues en 2011 la ganadora fue la cubana Fina Garc\u00eda Marruz, una de las voces m\u00e1s destacadas de la poes\u00eda y la ensay\u00edstica de la isla caribe\u00f1a.<\/p>\n<h6> 2012-05-03 16:02:33 <\/h6>\n<p><!--\n<link rel=\"stylesheet\" href=\"css\/bootstrap.min.css\">\n\n\n<ul class=\"pagination\">\n\t    \n\t\n\n<li >\n\t<a href='?page_no=17432'>Previous<\/a>\n\t<\/li>\n\n\n       \n    \n\n<li><a href='?page_no=1'>1<\/a><\/li>\n\n\n\n<li><a href='?page_no=2'>2<\/a><\/li>\n\n\n\n<li><a>...<\/a><\/li>\n\n\n\n<li><a href='?page_no=17431'>17431<\/a><\/li>\n\n\n\n<li><a href='?page_no=17432'>17432<\/a><\/li>\n\n\n\n<li class='active'><a>17433<\/a><\/li>\n\n\n\n<li><a href='?page_no=17434'>17434<\/a><\/li>\n\n\n\n<li><a href='?page_no=17435'>17435<\/a><\/li>\n\n\n\n<li><a>...<\/a><\/li>\n\n\n\n<li><a href='?page_no=22911'>22911<\/a><\/li>\n\n\n\n<li><a href='?page_no=22912'>22912<\/a><\/li>\n\n    \n\t\n\n<li >\n\t<a href='?page_no=17434'>Next<\/a>\n\t<\/li>\n\n\n    \n\n<li><a href='?page_no=22912'>Last &rsaquo;&rsaquo;<\/a><\/li>\n\n<\/ul>\n\n\n--><br \/>\n<\/body><\/p>\n","protected":false},"excerpt":{"rendered":"<p>Madrid, 3 may (PL) El poeta nicarag\u00fcense Ernesto Cardenal gan\u00f3 hoy el XXI Premio Reina Sof\u00eda de Poes\u00eda Iberoamericana, uno de los m\u00e1s importantes y prestigiosos de este g\u00e9nero que conceden Patrimonio Nacional y la Universidad de Salamanca. Cardenal (Granada, Nicaragua, 1925) recibi\u00f3 el galard\u00f3n tras imponerse en unas deliberaciones muy re\u00f1idas del jurado, en [&hellip;]<\/p>\n","protected":false},"author":3,"featured_media":0,"comment_status":"open","ping_status":"open","sticky":false,"template":"","format":"standard","meta":{"footnotes":""},"categories":[21],"tags":[],"class_list":["post-65755","post","type-post","status-publish","format-standard","hentry","category-cultura"],"_links":{"self":[{"href":"https:\/\/diariodominicano.com\/index.php?rest_route=\/wp\/v2\/posts\/65755","targetHints":{"allow":["GET"]}}],"collection":[{"href":"https:\/\/diariodominicano.com\/index.php?rest_route=\/wp\/v2\/posts"}],"about":[{"href":"https:\/\/diariodominicano.com\/index.php?rest_route=\/wp\/v2\/types\/post"}],"author":[{"embeddable":true,"href":"https:\/\/diariodominicano.com\/index.php?rest_route=\/wp\/v2\/users\/3"}],"replies":[{"embeddable":true,"href":"https:\/\/diariodominicano.com\/index.php?rest_route=%2Fwp%2Fv2%2Fcomments&post=65755"}],"version-history":[{"count":0,"href":"https:\/\/diariodominicano.com\/index.php?rest_route=\/wp\/v2\/posts\/65755\/revisions"}],"wp:attachment":[{"href":"https:\/\/diariodominicano.com\/index.php?rest_route=%2Fwp%2Fv2%2Fmedia&parent=65755"}],"wp:term":[{"taxonomy":"category","embeddable":true,"href":"https:\/\/diariodominicano.com\/index.php?rest_route=%2Fwp%2Fv2%2Fcategories&post=65755"},{"taxonomy":"post_tag","embeddable":true,"href":"https:\/\/diariodominicano.com\/index.php?rest_route=%2Fwp%2Fv2%2Ftags&post=65755"}],"curies":[{"name":"wp","href":"https:\/\/api.w.org\/{rel}","templated":true}]}}