{"id":65754,"date":"2012-05-03T18:48:19","date_gmt":"2012-05-03T18:48:19","guid":{"rendered":"http:\/\/diariodominicano.ddns.net\/?p=65754"},"modified":"2012-05-03T18:48:19","modified_gmt":"2012-05-03T18:48:19","slug":"risas-sonrisas-y-carcajadas-desde-el-lente-fotografico-de-francis-arias","status":"publish","type":"post","link":"https:\/\/diariodominicano.com\/?p=65754","title":{"rendered":"&#13;\u00bbRisas, Sonrisas y Carcajadas\u00bb desde el lente fotogr\u00e1fico de Francis Arias"},"content":{"rendered":"<p><body><\/p>\n<p><img decoding=\"async\" src=\"img3\/RISAS SONRISAS Y CARCAJADAS 5.jpg\" \/><br \/><img decoding=\"async\" src=\"img3\/RISAS SONRISAS Y CARCAJADAS 4.jpg\" \/><br \/><img decoding=\"async\" src=\"img3\/RISAS SONRISAS Y CARCAJADAS 3.jpg\" \/>  <\/p>\n<p><span class=\"text1noticias\">03:00 PM SANTO DOMINGO, RD, 03 Mayo 2012.-El Ministerio de Cultura, la Direcci\u00f3n de la XV Feria Internacional del Libro Santo Domingo 2012  y el Museo de Arte Moderno inauguraron la exposici\u00f3n fotogr\u00e1fica: \u00abRisas, Sonrisas y Carcajadas\u00bb, del  foto reportero Francis Arias (La Koki), exhibida en la segunda planta del MAM.<\/span><\/p>\n<p><span class=\"text1noticias\"> <\/span><\/p>\n<p><span class=\"text1noticias\">La primera exposici\u00f3n fotogr\u00e1fica de Francis Arias es presentada en el marco de la Feria Internacional del Libro 2012 y se trata de una recopilaci\u00f3n de 60 fotograf\u00edas de diversas personalidades nacionales y extranjeras, captadas durante un alto en sus respectivos quehaceres.<\/span><\/p>\n<p><span class=\"text1noticias\"> <\/span><\/p>\n<p><span class=\"text1noticias\">La Koki, como es conocido popularmente en el \u00e1mbito de la comunicaci\u00f3n, invit\u00f3  a los estudiantes universitarios  de publicidad,  comunicaci\u00f3n social y carreras afines para que se den cita a la individual y puedan apreciar las reproducciones.<\/span><\/p>\n<p><span class=\"text1noticias\"> <\/span><\/p>\n<p><span class=\"text1noticias\">Tambi\u00e9n agradeci\u00f3 el apoyo recibido por diversas personalidades e instituciones que contribuyeron para que la exposici\u00f3n, la que defini\u00f3 como un gran reto en su vida profesional,  sea una realidad, especialmente al Ministerio de Cultura.<\/span><\/p>\n<p><span class=\"text1noticias\"> <\/span><\/p>\n<p><span class=\"text1noticias\">Arias es oriundo del municipio mocano Las Lagunas y se ha destacado como foto reportero de diversos medios escritos del pa\u00eds, viajando por todos los continentes del mundo  cubriendo las incidencias de numerosos eventos.<\/span><\/p>\n<p><span class=\"text1noticias\"> <\/span><\/p>\n<p><span class=\"text1noticias\">La muestra estar\u00e1 abierta al p\u00fablico hasta el  6 de mayo, en la segunda planta del Museo de Arte Moderno de la Rep\u00fablica Dominicana, localizado en la Av. Pedro Henr\u00edquez Ure\u00f1a, Plaza de la Cultura Juan Pablo Duarte, detr\u00e1s del Teatro Nacional, abierto todos los d\u00edas  de 9:00 a.m. a 10:00 p.m.<\/span><\/p>\n<p><span class=\"text1noticias\"> <\/span><\/p>\n<p><span class=\"text1noticias\"><strong><em><u>CG.<\/u><\/em><\/strong><\/span><\/p>\n<\/p>\n<h6> 2012-05-03 18:48:19 <\/h6>\n<p><!--\n<link rel=\"stylesheet\" href=\"css\/bootstrap.min.css\">\n\n\n<ul class=\"pagination\">\n\t    \n\t\n\n<li >\n\t<a href='?page_no=17431'>Previous<\/a>\n\t<\/li>\n\n\n       \n    \n\n<li><a href='?page_no=1'>1<\/a><\/li>\n\n\n\n<li><a href='?page_no=2'>2<\/a><\/li>\n\n\n\n<li><a>...<\/a><\/li>\n\n\n\n<li><a href='?page_no=17430'>17430<\/a><\/li>\n\n\n\n<li><a href='?page_no=17431'>17431<\/a><\/li>\n\n\n\n<li class='active'><a>17432<\/a><\/li>\n\n\n\n<li><a href='?page_no=17433'>17433<\/a><\/li>\n\n\n\n<li><a href='?page_no=17434'>17434<\/a><\/li>\n\n\n\n<li><a>...<\/a><\/li>\n\n\n\n<li><a href='?page_no=22911'>22911<\/a><\/li>\n\n\n\n<li><a href='?page_no=22912'>22912<\/a><\/li>\n\n    \n\t\n\n<li >\n\t<a href='?page_no=17433'>Next<\/a>\n\t<\/li>\n\n\n    \n\n<li><a href='?page_no=22912'>Last &rsaquo;&rsaquo;<\/a><\/li>\n\n<\/ul>\n\n\n--><br \/>\n<\/body><\/p>\n","protected":false},"excerpt":{"rendered":"<p>03:00 PM SANTO DOMINGO, RD, 03 Mayo 2012.-El Ministerio de Cultura, la Direcci\u00f3n de la XV Feria Internacional del Libro Santo Domingo 2012 y el Museo de Arte Moderno inauguraron la exposici\u00f3n fotogr\u00e1fica: \u00abRisas, Sonrisas y Carcajadas\u00bb, del foto reportero Francis Arias (La Koki), exhibida en la segunda planta del MAM. La primera exposici\u00f3n fotogr\u00e1fica [&hellip;]<\/p>\n","protected":false},"author":3,"featured_media":0,"comment_status":"open","ping_status":"open","sticky":false,"template":"","format":"standard","meta":{"footnotes":""},"categories":[21],"tags":[],"class_list":["post-65754","post","type-post","status-publish","format-standard","hentry","category-cultura"],"_links":{"self":[{"href":"https:\/\/diariodominicano.com\/index.php?rest_route=\/wp\/v2\/posts\/65754","targetHints":{"allow":["GET"]}}],"collection":[{"href":"https:\/\/diariodominicano.com\/index.php?rest_route=\/wp\/v2\/posts"}],"about":[{"href":"https:\/\/diariodominicano.com\/index.php?rest_route=\/wp\/v2\/types\/post"}],"author":[{"embeddable":true,"href":"https:\/\/diariodominicano.com\/index.php?rest_route=\/wp\/v2\/users\/3"}],"replies":[{"embeddable":true,"href":"https:\/\/diariodominicano.com\/index.php?rest_route=%2Fwp%2Fv2%2Fcomments&post=65754"}],"version-history":[{"count":0,"href":"https:\/\/diariodominicano.com\/index.php?rest_route=\/wp\/v2\/posts\/65754\/revisions"}],"wp:attachment":[{"href":"https:\/\/diariodominicano.com\/index.php?rest_route=%2Fwp%2Fv2%2Fmedia&parent=65754"}],"wp:term":[{"taxonomy":"category","embeddable":true,"href":"https:\/\/diariodominicano.com\/index.php?rest_route=%2Fwp%2Fv2%2Fcategories&post=65754"},{"taxonomy":"post_tag","embeddable":true,"href":"https:\/\/diariodominicano.com\/index.php?rest_route=%2Fwp%2Fv2%2Ftags&post=65754"}],"curies":[{"name":"wp","href":"https:\/\/api.w.org\/{rel}","templated":true}]}}