{"id":65753,"date":"2012-05-03T18:59:40","date_gmt":"2012-05-03T18:59:40","guid":{"rendered":"http:\/\/diariodominicano.ddns.net\/?p=65753"},"modified":"2012-05-03T18:59:40","modified_gmt":"2012-05-03T18:59:40","slug":"realizan-conversatorio-sobre-prevencion-abuso-infantil-en-rd","status":"publish","type":"post","link":"https:\/\/diariodominicano.com\/?p=65753","title":{"rendered":"Realizan conversatorio sobre prevenci\u00f3n abuso infantil en RD"},"content":{"rendered":"<p><body><\/p>\n<p><img decoding=\"async\" src=\"img3\/PROYECTO EN LA FERIA 2012.JPG\" \/>  <\/p>\n<p><span class=\"text1noticias\">03:05 PM SANTO DOMINGO, 03 Mayo 2012.- El Comisionado de Apoyo a la Reforma y Modernizaci\u00f3n de la Justicia (CARMJ), organiz\u00f3 el conversatorio \u00abPrevenci\u00f3n del abuso infantil\u00bb, a prop\u00f3sito del mes de Prevenci\u00f3n del Abuso Infantil en la Rep\u00fablica Dominicana que se celebra en el mes de abril, conforme decreto del Poder Ejecutivo del a\u00f1o 1998.<\/span><\/p>\n<\/p>\n<p><span class=\"text1noticias\">La facilitadora Santa Ortiz, de la Direcci\u00f3n de Familia, Ni\u00f1ez y Adolescencia y G\u00e9nero del Poder Judicial, enumer\u00f3 los principales abusos a que los ni\u00f1os, ni\u00f1as y adolescentes  pueden  ser sometidos, indic\u00e1ndoles c\u00f3mo prevenirlos y document\u00e1ndolos sobre sus derechos y deberes.<\/span><\/p>\n<\/p>\n<p><span class=\"text1noticias\">La doctora Milagros Pichardo Pio, coordinadora del \u00e1rea de Proyectos Ni\u00f1os, Ni\u00f1as, Adolescentes, Familia y Victima del CARMJ, expres\u00f3 que dichos conversatorios tienen como objetivo sensibilizar, prevenir y educar a los diversos sectores  de la sociedad, en cuanto a lo que son los derechos,  deberes y  valores de la ni\u00f1ez y la adolescencia en el pa\u00eds, a los fines de prevenir el abuso y maltrato, as\u00ed como promover el buen trato en la familia.<\/span><\/p>\n<\/p>\n<p><span class=\"text1noticias\">En la actividad realizada en el stand  del  Comisionado de Justicia, en el marco de la XV Feria Internacional del libro Santo Domingo 2012, fueron entregadas diversas obras sobre los temas de familia, ni\u00f1ez y adolescencia publicadas por el CARMJ, a la adolescente Nathaly Espinal, en representaci\u00f3n de las autoridades del Liceo Juan Pablo Duarte; a Juan Francisco Peguero, del Centro de Desarrollo el Betel y Asimismo, a los se\u00f1ores Freddy Inirio y Teodulo Silfa representantes del Ayuntamiento de Villa Hermosa de la Romana, como un aporte a sus respectivas  bibliotecas.<\/span><\/p>\n<\/p>\n<p><strong><em><u><span class=\"text1noticias\">CG.<\/span><\/u><\/em><\/strong><\/p>\n<\/p>\n<h6> 2012-05-03 18:59:40 <\/h6>\n<p><!--\n<link rel=\"stylesheet\" href=\"css\/bootstrap.min.css\">\n\n\n<ul class=\"pagination\">\n\t    \n\t\n\n<li >\n\t<a href='?page_no=17430'>Previous<\/a>\n\t<\/li>\n\n\n       \n    \n\n<li><a href='?page_no=1'>1<\/a><\/li>\n\n\n\n<li><a href='?page_no=2'>2<\/a><\/li>\n\n\n\n<li><a>...<\/a><\/li>\n\n\n\n<li><a href='?page_no=17429'>17429<\/a><\/li>\n\n\n\n<li><a href='?page_no=17430'>17430<\/a><\/li>\n\n\n\n<li class='active'><a>17431<\/a><\/li>\n\n\n\n<li><a href='?page_no=17432'>17432<\/a><\/li>\n\n\n\n<li><a href='?page_no=17433'>17433<\/a><\/li>\n\n\n\n<li><a>...<\/a><\/li>\n\n\n\n<li><a href='?page_no=22911'>22911<\/a><\/li>\n\n\n\n<li><a href='?page_no=22912'>22912<\/a><\/li>\n\n    \n\t\n\n<li >\n\t<a href='?page_no=17432'>Next<\/a>\n\t<\/li>\n\n\n    \n\n<li><a href='?page_no=22912'>Last &rsaquo;&rsaquo;<\/a><\/li>\n\n<\/ul>\n\n\n--><br \/>\n<\/body><\/p>\n","protected":false},"excerpt":{"rendered":"<p>03:05 PM SANTO DOMINGO, 03 Mayo 2012.- El Comisionado de Apoyo a la Reforma y Modernizaci\u00f3n de la Justicia (CARMJ), organiz\u00f3 el conversatorio \u00abPrevenci\u00f3n del abuso infantil\u00bb, a prop\u00f3sito del mes de Prevenci\u00f3n del Abuso Infantil en la Rep\u00fablica Dominicana que se celebra en el mes de abril, conforme decreto del Poder Ejecutivo del a\u00f1o [&hellip;]<\/p>\n","protected":false},"author":3,"featured_media":0,"comment_status":"open","ping_status":"open","sticky":false,"template":"","format":"standard","meta":{"footnotes":""},"categories":[21],"tags":[],"class_list":["post-65753","post","type-post","status-publish","format-standard","hentry","category-cultura"],"_links":{"self":[{"href":"https:\/\/diariodominicano.com\/index.php?rest_route=\/wp\/v2\/posts\/65753","targetHints":{"allow":["GET"]}}],"collection":[{"href":"https:\/\/diariodominicano.com\/index.php?rest_route=\/wp\/v2\/posts"}],"about":[{"href":"https:\/\/diariodominicano.com\/index.php?rest_route=\/wp\/v2\/types\/post"}],"author":[{"embeddable":true,"href":"https:\/\/diariodominicano.com\/index.php?rest_route=\/wp\/v2\/users\/3"}],"replies":[{"embeddable":true,"href":"https:\/\/diariodominicano.com\/index.php?rest_route=%2Fwp%2Fv2%2Fcomments&post=65753"}],"version-history":[{"count":0,"href":"https:\/\/diariodominicano.com\/index.php?rest_route=\/wp\/v2\/posts\/65753\/revisions"}],"wp:attachment":[{"href":"https:\/\/diariodominicano.com\/index.php?rest_route=%2Fwp%2Fv2%2Fmedia&parent=65753"}],"wp:term":[{"taxonomy":"category","embeddable":true,"href":"https:\/\/diariodominicano.com\/index.php?rest_route=%2Fwp%2Fv2%2Fcategories&post=65753"},{"taxonomy":"post_tag","embeddable":true,"href":"https:\/\/diariodominicano.com\/index.php?rest_route=%2Fwp%2Fv2%2Ftags&post=65753"}],"curies":[{"name":"wp","href":"https:\/\/api.w.org\/{rel}","templated":true}]}}